{"id":341922,"date":"2025-08-25T03:21:11","date_gmt":"2025-08-25T03:21:11","guid":{"rendered":"https:\/\/www.europesays.com\/fr\/341922\/"},"modified":"2025-08-25T03:21:11","modified_gmt":"2025-08-25T03:21:11","slug":"tournefeuille-police-le-point-sur-une-operation-effectuee-sur-la-voie-publique","status":"publish","type":"post","link":"https:\/\/www.europesays.com\/fr\/341922\/","title":{"rendered":"Tournefeuille. Police : le point sur une op\u00e9ration effectu\u00e9e sur la voie publique"},"content":{"rendered":"<p>Une op\u00e9ration de voie publique a \u00e9t\u00e9 men\u00e9e le 20 ao\u00fbt par la police nationale en lien \u00e9troit avec la police municipale. \u00ab\u00a0Ces op\u00e9rations, inscrites dans le dispositif de S\u00e9curit\u00e9 du Quotidien, se tiennent r\u00e9guli\u00e8rement sur l\u2019ensemble du territoire communal afin de renforcer la pr\u00e9sence sur le terrain et de mener des actions conjointes\u00a0\u00bb pr\u00e9cise Madame Husson-Barnier, adjointe \u00e0 la s\u00e9curit\u00e9 de Tournefeuille. Cette fois, la municipalit\u00e9 a choisi de communiquer plus largement sur les r\u00e9seaux afin de rendre visible ce travail, alors qu\u2019une p\u00e9tition circulant \u00e0 Pahin mettait en avant un climat de forte d\u00e9gradation.<\/p>\n<p>Le quartier de Pahin fait pourtant l\u2019objet d\u2019un suivi attentif. La p\u00e9tition, en d\u00e9crivant une situation jug\u00e9e alarmante, a pu contribuer \u00e0 cr\u00e9er un sentiment d\u2019ins\u00e9curit\u00e9 qui ne correspond pas aux constats des forces de l\u2019ordre ni \u00e0 ceux de plusieurs habitants et agents travaillant dans le secteur. Pour la mairie et la police nationale, il \u00e9tait donc essentiel de donner des \u00e9l\u00e9ments concrets sur le terrain.<\/p>\n<p>L\u2019op\u00e9ration du 20 ao\u00fbt s\u2019est concentr\u00e9e sur le centre commercial de Fournolis et ses environs. Les policiers n\u2019y ont constat\u00e9 ce jour ni rassemblements de jeunes ni faits de d\u00e9linquance. Ils ont \u00e9chang\u00e9 avec les commer\u00e7ants et la responsable de la maison de quartier, sans signalement particulier. Des nuisances sonores ponctuelles, li\u00e9es \u00e0 des discussions dans un appartement, ont \u00e9t\u00e9 \u00e9voqu\u00e9es, mais aucune intervention officielle pour tapage n\u2019a \u00e9t\u00e9 enregistr\u00e9e. Par ailleurs, l\u2019inspection men\u00e9e avec un chien sp\u00e9cialis\u00e9 n\u2019a r\u00e9v\u00e9l\u00e9 aucune trace de stup\u00e9fiants dans le secteur, y compris au city park.<\/p>\n<p>En parall\u00e8le, un contr\u00f4le routier a \u00e9t\u00e9 organis\u00e9 boulevard Vincent Auriol : 21 v\u00e9hicules ont \u00e9t\u00e9 v\u00e9rifi\u00e9s et deux infractions relev\u00e9es pour d\u00e9faut de ceinture et absence de contr\u00f4le technique.<\/p>\n<p>La municipalit\u00e9 annonce vouloir poursuivre la r\u00e9flexion avec la police nationale pour mieux informer les habitants des actions de s\u00e9curit\u00e9 men\u00e9es sur le territoire, un point qui sera \u00e9voqu\u00e9 prochainement par le maire lors d\u2019une rencontre avec le directeur interd\u00e9partemental de la police nationale.<\/p>\n","protected":false},"excerpt":{"rendered":"Une op\u00e9ration de voie publique a \u00e9t\u00e9 men\u00e9e le 20 ao\u00fbt par la police nationale en lien \u00e9troit&hellip;\n","protected":false},"author":2,"featured_media":341923,"comment_status":"","ping_status":"","sticky":false,"template":"","format":"standard","meta":{"footnotes":""},"categories":[2816],"tags":[1111,11,1777,674,1011,27,12,2680,25,2312],"class_list":{"0":"post-341922","1":"post","2":"type-post","3":"status-publish","4":"format-standard","5":"has-post-thumbnail","7":"category-toulouse","8":"tag-actu","9":"tag-actualites","10":"tag-eu","11":"tag-europe","12":"tag-fr","13":"tag-france","14":"tag-news","15":"tag-occitanie","16":"tag-republique-francaise","17":"tag-toulouse"},"share_on_mastodon":{"url":"https:\/\/pubeurope.com\/@fr\/115087257351918703","error":""},"_links":{"self":[{"href":"https:\/\/www.europesays.com\/fr\/wp-json\/wp\/v2\/posts\/341922","targetHints":{"allow":["GET"]}}],"collection":[{"href":"https:\/\/www.europesays.com\/fr\/wp-json\/wp\/v2\/posts"}],"about":[{"href":"https:\/\/www.europesays.com\/fr\/wp-json\/wp\/v2\/types\/post"}],"author":[{"embeddable":true,"href":"https:\/\/www.europesays.com\/fr\/wp-json\/wp\/v2\/users\/2"}],"replies":[{"embeddable":true,"href":"https:\/\/www.europesays.com\/fr\/wp-json\/wp\/v2\/comments?post=341922"}],"version-history":[{"count":0,"href":"https:\/\/www.europesays.com\/fr\/wp-json\/wp\/v2\/posts\/341922\/revisions"}],"wp:featuredmedia":[{"embeddable":true,"href":"https:\/\/www.europesays.com\/fr\/wp-json\/wp\/v2\/media\/341923"}],"wp:attachment":[{"href":"https:\/\/www.europesays.com\/fr\/wp-json\/wp\/v2\/media?parent=341922"}],"wp:term":[{"taxonomy":"category","embeddable":true,"href":"https:\/\/www.europesays.com\/fr\/wp-json\/wp\/v2\/categories?post=341922"},{"taxonomy":"post_tag","embeddable":true,"href":"https:\/\/www.europesays.com\/fr\/wp-json\/wp\/v2\/tags?post=341922"}],"curies":[{"name":"wp","href":"https:\/\/api.w.org\/{rel}","templated":true}]}}