{"id":341924,"date":"2025-08-25T03:22:14","date_gmt":"2025-08-25T03:22:14","guid":{"rendered":"https:\/\/www.europesays.com\/fr\/341924\/"},"modified":"2025-08-25T03:22:14","modified_gmt":"2025-08-25T03:22:14","slug":"meteo-le-ciel-commence-a-se-degrader-ce-lundi-a-toulouse-et-en-occitanie","status":"publish","type":"post","link":"https:\/\/www.europesays.com\/fr\/341924\/","title":{"rendered":"M\u00e9t\u00e9o. Le ciel commence \u00e0 se d\u00e9grader ce lundi \u00e0 Toulouse et en Occitanie"},"content":{"rendered":"<p>            Par<br \/>\n        <strong><br \/>\n            <a href=\"https:\/\/actu.fr\/auteur\/lea-afonso\" title=\"Consulter tous les articles de L\u00e9a Afonso\" target=\"_blank\" rel=\"noopener\">L\u00e9a Afonso<\/a><br \/>\n        <\/strong><\/p>\n<p>        Publi\u00e9 le<\/p>\n<p>            25 ao\u00fbt 2025 \u00e0 5h12        <\/p>\n<p>Le temps va commencer \u00e0<strong> se g\u00e2ter<\/strong> ce lundi 25\u00a0ao\u00fbt 2025 \u00e0 <a href=\"https:\/\/actu.fr\/toulouse\/\" target=\"_blank\" rel=\"noopener\">Toulouse<\/a> en <a href=\"https:\/\/actu.fr\/occitanie\/\" target=\"_blank\" rel=\"noopener\">Occitanie<\/a>. Effectivement, une d\u00e9gradation est pr\u00e9vue pour le milieu de la semaine. Voici les pr\u00e9visions de M\u00e9t\u00e9o-France.<\/p>\n<p>Des nuages \u00e0 Toulouse<br \/>\n    <img   decoding=\"async\" loading=\"lazy\" src=\"https:\/\/www.europesays.com\/fr\/wp-content\/uploads\/2025\/08\/capture-decran-2025-08-24-a-085756-1-960x403.png\" alt=\"Des temp\u00e9ratures douces sont attendues \u00e0 Toulouse.\" width=\"960\" height=\"403\"\/><br \/>\n    Des temp\u00e9ratures douces sont attendues \u00e0 Toulouse. (\u00a9M\u00e9t\u00e9o France)<\/p>\n<p class=\" wall-content\">Le temps sera assez changeant ce lundi \u00e0 Toulouse. Si dans la matin\u00e9e de nombreux nuages seront dans le ciel, ils tendront \u00e0 se dissiper au fil de la journ\u00e9e. Un l\u00e9ger voile nuageux, restera tout de m\u00eame. Comptez 18\u00b0 pour les minimales et 33 pour les maximales.<\/p>\n<p>Une Occitanie mitig\u00e9e<br \/>\n    <img   decoding=\"async\" loading=\"lazy\" src=\"https:\/\/www.europesays.com\/fr\/wp-content\/uploads\/2025\/08\/capture-decran-2025-08-24-a-090845-1-960x640.png\" alt=\"Voici les moyennes de l'apr\u00e8s-midi pour l'Occitanie.\" width=\"960\" height=\"640\"\/><br \/>\n    Voici les moyennes de l\u2019apr\u00e8s-midi pour l\u2019Occitanie. (\u00a9M\u00e9t\u00e9o France)<\/p>\n<p class=\" wall-content\">Tout comme \u00e0 Toulouse, l\u2019Occitanie sera assez nuageuse, avec le soleil qui devrait se lever dans la journ\u00e9e. Pour les minimales, il fera 16 \u00e0 Auch, 13 \u00e0 Rodez et 11 \u00e0 Cahors. C\u00f4t\u00e9 maximales, pr\u00e9voyez 32 \u00e0 Carcassonne, 35 \u00e0 Albi et 34 \u00e0 Montauban.<\/p>\n<p>Vid\u00e9os : en ce moment sur Actu<\/p>\n<p class=\" wall-content\">Personnalisez votre actualit\u00e9 en ajoutant vos villes et m\u00e9dias en favori avec <a href=\"https:\/\/moncompte.actu.fr\" title=\"D\u00e9couvez Mon Actu\" rel=\"nofollow noopener\" data-trk=\"{&quot;cta&quot;:{&quot;action&quot;:&quot;https:\\\/\\\/moncompte.actu.fr&quot;,&quot;category&quot;:&quot;mon compte&quot;,&quot;from&quot;:&quot;article footer&quot;,&quot;name&quot;:&quot;Mon actu&quot;,&quot;type&quot;:&quot;cta&quot;}}\" target=\"_blank\">Mon Actu<\/a>.<\/p>\n","protected":false},"excerpt":{"rendered":"Par L\u00e9a Afonso Publi\u00e9 le 25 ao\u00fbt 2025 \u00e0 5h12 Le temps va commencer \u00e0 se g\u00e2ter ce&hellip;\n","protected":false},"author":2,"featured_media":341925,"comment_status":"","ping_status":"","sticky":false,"template":"","format":"standard","meta":{"footnotes":""},"categories":[2816],"tags":[1111,11,1777,674,1011,27,2487,2357,12,2680,25,2312],"class_list":{"0":"post-341924","1":"post","2":"type-post","3":"status-publish","4":"format-standard","5":"has-post-thumbnail","7":"category-toulouse","8":"tag-actu","9":"tag-actualites","10":"tag-eu","11":"tag-europe","12":"tag-fr","13":"tag-france","14":"tag-meteo","15":"tag-meteo-france","16":"tag-news","17":"tag-occitanie","18":"tag-republique-francaise","19":"tag-toulouse"},"share_on_mastodon":{"url":"https:\/\/pubeurope.com\/@fr\/115087261308664507","error":""},"_links":{"self":[{"href":"https:\/\/www.europesays.com\/fr\/wp-json\/wp\/v2\/posts\/341924","targetHints":{"allow":["GET"]}}],"collection":[{"href":"https:\/\/www.europesays.com\/fr\/wp-json\/wp\/v2\/posts"}],"about":[{"href":"https:\/\/www.europesays.com\/fr\/wp-json\/wp\/v2\/types\/post"}],"author":[{"embeddable":true,"href":"https:\/\/www.europesays.com\/fr\/wp-json\/wp\/v2\/users\/2"}],"replies":[{"embeddable":true,"href":"https:\/\/www.europesays.com\/fr\/wp-json\/wp\/v2\/comments?post=341924"}],"version-history":[{"count":0,"href":"https:\/\/www.europesays.com\/fr\/wp-json\/wp\/v2\/posts\/341924\/revisions"}],"wp:featuredmedia":[{"embeddable":true,"href":"https:\/\/www.europesays.com\/fr\/wp-json\/wp\/v2\/media\/341925"}],"wp:attachment":[{"href":"https:\/\/www.europesays.com\/fr\/wp-json\/wp\/v2\/media?parent=341924"}],"wp:term":[{"taxonomy":"category","embeddable":true,"href":"https:\/\/www.europesays.com\/fr\/wp-json\/wp\/v2\/categories?post=341924"},{"taxonomy":"post_tag","embeddable":true,"href":"https:\/\/www.europesays.com\/fr\/wp-json\/wp\/v2\/tags?post=341924"}],"curies":[{"name":"wp","href":"https:\/\/api.w.org\/{rel}","templated":true}]}}