{"id":341926,"date":"2025-08-25T03:24:15","date_gmt":"2025-08-25T03:24:15","guid":{"rendered":"https:\/\/www.europesays.com\/fr\/341926\/"},"modified":"2025-08-25T03:24:15","modified_gmt":"2025-08-25T03:24:15","slug":"la-video-du-magnifique-enchainement-dolivier-giroud-qui-a-offert-la-victoire-aux-dogues","status":"publish","type":"post","link":"https:\/\/www.europesays.com\/fr\/341926\/","title":{"rendered":"la vid\u00e9o du magnifique encha\u00eenement d&rsquo;Olivier Giroud, qui a offert la victoire aux Dogues"},"content":{"rendered":"<p class=\"mb-4 text-lg md:leading-8 break-words\">Il est \u00e9ternel, immortel, irr\u00e9el&#8230; Les adjectifs viennent \u00e0 manquer quand il s&rsquo;agit d&rsquo;\u00e9voquer Olivier Giroud. <a href=\"https:\/\/fr.news.yahoo.com\/sport\/fait-toujours-bons-choix-brestois-175413667.html\" data-ylk=\"slk:D\u00e9j\u00e0 buteur la semaine pass\u00e9e \u00e0 Brest (3-3);elm:context_link;itc:0;sec:content-canvas;outcm:mb_qualified_link;_E:mb_qualified_link;ct:story;\" class=\"link  yahoo-link\" target=\"_blank\" rel=\"noopener\">D\u00e9j\u00e0 buteur la semaine pass\u00e9e \u00e0 Brest (3-3)<\/a> pour son grand retour en Ligue 1, treize ans apr\u00e8s, l&rsquo;avant-centre qui soufflera ses 39 bougies dans un mois a encore trouv\u00e9 le chemin des filets ce dimanche soir face \u00e0 Monaco lors de la deuxi\u00e8me journ\u00e9e. Et m\u00eame mieux, puisque <a href=\"https:\/\/rmcsport.bfmtv.com\/football\/ligue-1\/direct-lille-monaco-suivez-le-choc-de-la-2e-journee-de-ligue-1-en-live_LS-202508240213.html\" rel=\"nofollow noopener\" target=\"_blank\" data-ylk=\"slk:l&#039;ancien Gunner a offert un succ\u00e8s pr\u00e9cieux aux Dogues dans le temps additionnel (1-0);elm:context_link;itc:0;sec:content-canvas\" class=\"link \">l&rsquo;ancien Gunner a offert un succ\u00e8s pr\u00e9cieux aux Dogues dans le temps additionnel (1-0)<\/a>.<\/p>\n<p>Contr\u00f4le dos au but, frappe en pivot&#8230; Giroud r\u00e9gale pour sa premi\u00e8re \u00e0 Pierre-Mauroy<\/p>\n<p class=\"mb-4 text-lg md:leading-8 break-words\">Alors qu&rsquo;on semblait se diriger tout droit vers un match nul entre les deux clubs europ\u00e9ens, le natif de Froges a encore frapp\u00e9, en n\u00b09 exp\u00e9riment\u00e9 qu&rsquo;il est. <a href=\"https:\/\/fr.news.yahoo.com\/sport\/lille-avant-coupe-monde-2026-120427951.html\" data-ylk=\"slk:Le meilleur buteur de l&#039;histoire de l&#039;\u00e9quipe de France;elm:context_link;itc:0;sec:content-canvas;outcm:mb_qualified_link;_E:mb_qualified_link;ct:story;\" class=\"link  yahoo-link\" target=\"_blank\" rel=\"noopener\">Le meilleur buteur de l&rsquo;histoire de l&rsquo;\u00e9quipe de France<\/a> (57 buts) n&rsquo;a pas eu le temps de ressasser son action de la 73e minute, o\u00f9 il avait vu son tacle au point de penalty mourir de peu \u00e0 c\u00f4t\u00e9 du but de Hradecky.<\/p>\n<p class=\"mb-4 text-lg md:leading-8 break-words\">Sur un centre \u00e0 ras de terre venu de la droite de Fernandez-Pardo, Haraldsson n&rsquo;a pas pu reprendre le cuir, qui est arriv\u00e9 dans les pieds de Giroud au point de penalty. En pivot dos au but, <a href=\"https:\/\/fr.news.yahoo.com\/sport\/brest-lille-%C3%A7a-%C3%A9t%C3%A9-moment-162606505.html\" data-ylk=\"slk:le buteur lillois;elm:context_link;itc:0;sec:content-canvas;outcm:mb_qualified_link;_E:mb_qualified_link;ct:story;\" class=\"link  yahoo-link\" target=\"_blank\" rel=\"noopener\">le buteur lillois<\/a> s&rsquo;est retourn\u00e9 \u00e0 la vitesse de l&rsquo;\u00e9clair pour propulser une frappe puissante plein axe du gauche, qui a rendu impuissant le portier de l&rsquo;ASM (1-0, 90e+1).<\/p>\n<p class=\"mb-4 text-lg md:leading-8 break-words\">De quoi faire exploser Pierre-Mauroy, qui attendait avec impatience les d\u00e9buts de <a href=\"https:\/\/fr.news.yahoo.com\/sport\/maviez-pos%C3%A9-question-ann%C3%A9es-giroud-110928113.html\" data-ylk=\"slk:l&#039;ancien Montpelli\u00e9rain;elm:context_link;itc:0;sec:content-canvas;outcm:mb_qualified_link;_E:mb_qualified_link;ct:story;\" class=\"link  yahoo-link\" target=\"_blank\" rel=\"noopener\">l&rsquo;ancien Montpelli\u00e9rain<\/a> dans son nouveau stade. Ce dimanche, le Losc s&rsquo;est trouv\u00e9 un sauveur. Et ce n&rsquo;est pas son penalty manqu\u00e9 quelques minutes plus tard qui viendra g\u00e2cher la f\u00eate.<\/p>\n<p class=\"mb-4 text-lg md:leading-8 break-words\"><a href=\"https:\/\/rmcsport.bfmtv.com\/football\/ligue-1\/lille-monaco-la-video-du-magnifique-enchainement-d-olivier-giroud-qui-a-offert-la-victoire-aux-dogues_AV-202508240329.html#xtor=AL-68\" rel=\"nofollow noopener\" target=\"_blank\" data-ylk=\"slk:Article original publi\u00e9 sur RMC Sport;elm:context_link;itc:0;sec:content-canvas\" class=\"link \">Article original publi\u00e9 sur RMC Sport<\/a><\/p>\n","protected":false},"excerpt":{"rendered":"Il est \u00e9ternel, immortel, irr\u00e9el&#8230; Les adjectifs viennent \u00e0 manquer quand il s&rsquo;agit d&rsquo;\u00e9voquer Olivier Giroud. D\u00e9j\u00e0 buteur&hellip;\n","protected":false},"author":2,"featured_media":341927,"comment_status":"","ping_status":"","sticky":false,"template":"","format":"standard","meta":{"footnotes":""},"categories":[2815],"tags":[1111,11,3450,1777,674,1011,27,811,1307,2267,3127,12,5959,25],"class_list":{"0":"post-341926","1":"post","2":"type-post","3":"status-publish","4":"format-standard","5":"has-post-thumbnail","7":"category-lille","8":"tag-actu","9":"tag-actualites","10":"tag-brest","11":"tag-eu","12":"tag-europe","13":"tag-fr","14":"tag-france","15":"tag-hauts-de-france","16":"tag-lille","17":"tag-losc","18":"tag-monaco","19":"tag-news","20":"tag-olivier-giroud","21":"tag-republique-francaise"},"share_on_mastodon":{"url":"https:\/\/pubeurope.com\/@fr\/115087269098233190","error":""},"_links":{"self":[{"href":"https:\/\/www.europesays.com\/fr\/wp-json\/wp\/v2\/posts\/341926","targetHints":{"allow":["GET"]}}],"collection":[{"href":"https:\/\/www.europesays.com\/fr\/wp-json\/wp\/v2\/posts"}],"about":[{"href":"https:\/\/www.europesays.com\/fr\/wp-json\/wp\/v2\/types\/post"}],"author":[{"embeddable":true,"href":"https:\/\/www.europesays.com\/fr\/wp-json\/wp\/v2\/users\/2"}],"replies":[{"embeddable":true,"href":"https:\/\/www.europesays.com\/fr\/wp-json\/wp\/v2\/comments?post=341926"}],"version-history":[{"count":0,"href":"https:\/\/www.europesays.com\/fr\/wp-json\/wp\/v2\/posts\/341926\/revisions"}],"wp:featuredmedia":[{"embeddable":true,"href":"https:\/\/www.europesays.com\/fr\/wp-json\/wp\/v2\/media\/341927"}],"wp:attachment":[{"href":"https:\/\/www.europesays.com\/fr\/wp-json\/wp\/v2\/media?parent=341926"}],"wp:term":[{"taxonomy":"category","embeddable":true,"href":"https:\/\/www.europesays.com\/fr\/wp-json\/wp\/v2\/categories?post=341926"},{"taxonomy":"post_tag","embeddable":true,"href":"https:\/\/www.europesays.com\/fr\/wp-json\/wp\/v2\/tags?post=341926"}],"curies":[{"name":"wp","href":"https:\/\/api.w.org\/{rel}","templated":true}]}}