{"id":341928,"date":"2025-08-25T03:26:14","date_gmt":"2025-08-25T03:26:14","guid":{"rendered":"https:\/\/www.europesays.com\/fr\/341928\/"},"modified":"2025-08-25T03:26:14","modified_gmt":"2025-08-25T03:26:14","slug":"a-rodez-giverny-ou-marseille-un-repas-au-musee","status":"publish","type":"post","link":"https:\/\/www.europesays.com\/fr\/341928\/","title":{"rendered":"A Rodez, Giverny ou Marseille, un repas au mus\u00e9e"},"content":{"rendered":"\n<p class=\"article__fact article__fact--false\">LA LISTE DE LA MATINALE<\/p>\n<p class=\"article__paragraph  \">Dans l\u2019Aveyron, Christophe Chaillou, le chef du Caf\u00e9 Bras attenant au Mus\u00e9e Soulages, \u00e0 Rodez, pr\u00e9pare une cuisine fra\u00eeche et locale, dict\u00e9e par les \u00e9tals du march\u00e9. A Giverny (Eure), \u00e0 deux pas de la Maison de Claude Monet, Oscar est la nouvelle adresse du chef \u00e9toil\u00e9 David Gallienne tandis que la jolie cour du centre culturel de la Vieille Charit\u00e9, \u00e0 Marseille, accueille les assiettes melting-pot d\u2019Oll\u0101 de la cheffe franco-br\u00e9silienne Andr\u00e9a Flores.<\/p>\n<p>                A Rodez, \u00e0 la table de Soulages                     <img loading=\"lazy\" decoding=\"async\" src=\"https:\/\/www.europesays.com\/fr\/wp-content\/uploads\/2025\/07\/e4987fb_ftp-import-images-1-uud9wuadfup7-389614-3429679.jpg\" alt=\"Salle du Caf\u00e9 Bras, \u00e0 Rodez, attenant au Mus\u00e9e Soulages.\"   width=\"664\" height=\"443\"\/>    Salle du Caf\u00e9 Bras, \u00e0 Rodez, attenant au Mus\u00e9e Soulages.  C. BOUSQUET                 <\/p>\n<p class=\"article__paragraph  \">Rodez est un eldorado en puissance. Perch\u00e9e \u00e0 627 m\u00e8tres d\u2019altitude, la commune occitane promet de faire chuter la temp\u00e9rature d\u2019une poign\u00e9e de degr\u00e9s. Un luxe par les temps caniculaires qui courent et largement de quoi concurrencer l\u2019ardent pourtour m\u00e9diterran\u00e9en, du moins le temps d\u2019une journ\u00e9e. Depuis la c\u00f4te, rejoindre l\u2019A75, franchir le viaduc de Millau, traverser des lieux-dits cern\u00e9s par les brebis, pour fouler la pelouse du jardin du Foirail. C\u2019est ici, au beau milieu de quelque 5\u00a0000 m\u00e8tres carr\u00e9s d\u2019espaces verts, qu\u2019\u00e9tait \u00e9rig\u00e9e, en\u00a02014, l\u2019une des grandes fiert\u00e9s r\u00e9gionales\u00a0: <a href=\"https:\/\/www.lemonde.fr\/culture\/article\/2022\/10\/26\/pierre-soulages-un-musee-de-noir-et-de-rouille-a-rodez_6147458_3246.html\" rel=\"nofollow noopener\" target=\"_blank\">le Mus\u00e9e Soulages<\/a>.<\/p>\n<p class=\"reading-mode-only \"><strong>Il vous reste 92.14% de cet article \u00e0 lire. La suite est r\u00e9serv\u00e9e aux abonn\u00e9s.<\/strong><\/p>\n","protected":false},"excerpt":{"rendered":"LA LISTE DE LA MATINALE Dans l\u2019Aveyron, Christophe Chaillou, le chef du Caf\u00e9 Bras attenant au Mus\u00e9e Soulages,&hellip;\n","protected":false},"author":2,"featured_media":341929,"comment_status":"","ping_status":"","sticky":false,"template":"","format":"standard","meta":{"footnotes":""},"categories":[2814],"tags":[1111,11,1777,674,1011,27,884,12,882,25],"class_list":{"0":"post-341928","1":"post","2":"type-post","3":"status-publish","4":"format-standard","5":"has-post-thumbnail","7":"category-marseille","8":"tag-actu","9":"tag-actualites","10":"tag-eu","11":"tag-europe","12":"tag-fr","13":"tag-france","14":"tag-marseille","15":"tag-news","16":"tag-provence-alpes-cote-dazur","17":"tag-republique-francaise"},"share_on_mastodon":{"url":"https:\/\/pubeurope.com\/@fr\/115087277003567062","error":""},"_links":{"self":[{"href":"https:\/\/www.europesays.com\/fr\/wp-json\/wp\/v2\/posts\/341928","targetHints":{"allow":["GET"]}}],"collection":[{"href":"https:\/\/www.europesays.com\/fr\/wp-json\/wp\/v2\/posts"}],"about":[{"href":"https:\/\/www.europesays.com\/fr\/wp-json\/wp\/v2\/types\/post"}],"author":[{"embeddable":true,"href":"https:\/\/www.europesays.com\/fr\/wp-json\/wp\/v2\/users\/2"}],"replies":[{"embeddable":true,"href":"https:\/\/www.europesays.com\/fr\/wp-json\/wp\/v2\/comments?post=341928"}],"version-history":[{"count":0,"href":"https:\/\/www.europesays.com\/fr\/wp-json\/wp\/v2\/posts\/341928\/revisions"}],"wp:featuredmedia":[{"embeddable":true,"href":"https:\/\/www.europesays.com\/fr\/wp-json\/wp\/v2\/media\/341929"}],"wp:attachment":[{"href":"https:\/\/www.europesays.com\/fr\/wp-json\/wp\/v2\/media?parent=341928"}],"wp:term":[{"taxonomy":"category","embeddable":true,"href":"https:\/\/www.europesays.com\/fr\/wp-json\/wp\/v2\/categories?post=341928"},{"taxonomy":"post_tag","embeddable":true,"href":"https:\/\/www.europesays.com\/fr\/wp-json\/wp\/v2\/tags?post=341928"}],"curies":[{"name":"wp","href":"https:\/\/api.w.org\/{rel}","templated":true}]}}