{"id":341932,"date":"2025-08-25T03:28:23","date_gmt":"2025-08-25T03:28:23","guid":{"rendered":"https:\/\/www.europesays.com\/fr\/341932\/"},"modified":"2025-08-25T03:28:23","modified_gmt":"2025-08-25T03:28:23","slug":"jean-michel-aulas-veut-sinspirer-du-football-pour-gerer-la-ville-en-2026","status":"publish","type":"post","link":"https:\/\/www.europesays.com\/fr\/341932\/","title":{"rendered":"Jean-Michel Aulas veut s&rsquo;inspirer du football pour g\u00e9rer la ville en 2026"},"content":{"rendered":"<p>Ce dimanche, l\u2019ancien pr\u00e9sident de l\u2019Olympique Lyonnais pose une nouvelle pierre dans la course \u00e0 l\u2019H\u00f4tel de Ville. Dans une tribune publi\u00e9e dans La Tribune Dimanche, Jean-Michel Aulas confirme vouloir mettre son exp\u00e9rience \u00ab\u00a0humaine, \u00e9conomique, sociale, politique\u00a0\u00bb au service de Lyon.<\/p>\n<p>\u00ab\u00a0On dit parfois que le football n\u2019est qu\u2019un jeu. Ce n\u2019est pas vrai. Ce que l\u2019on vit dans un stade d\u00e9passe le sport. Le football est un miroir grossissant de la soci\u00e9t\u00e9, et parfois m\u00eame son laboratoire\u00a0\u00bb, \u00e9crit-il en introduction de son texte.<\/p>\n<p>Jean-Michel Aulas se d\u00e9fend de vouloir c\u00e9der \u00e0 la caricature ou au simplisme. \u00ab\u00a0Ce simplisme est beaucoup celui de notre \u00e9poque : amalgames, caricatures, injures \u00e9rig\u00e9es en m\u00e9thode. Ceux qui s\u2019y accrochent r\u00e9v\u00e8lent leur propre f\u00e9brilit\u00e9\u00a0\u00bb. Pour lui, gouverner une ville doit s\u2019inspirer du sport : \u00ab\u00a0Un club, c\u2019est une \u00e9cole de vie. D\u00e8s le plus jeune \u00e2ge, la formation sportive apprend le vivre-ensemble, la solidarit\u00e9, le respect. On y comprend que le talent seul ne gagne pas sans l\u2019\u00e9quipe\u00a0\u00bb.<\/p>\n<p>L\u2019ex-dirigeant de l\u2019OL revendique une vision inclusive et rassembleuse : \u00ab\u00a0Lyon gagne quand elle f\u00e9d\u00e8re au-del\u00e0 des origines et des opinions, quand elle cultive l\u2019attractivit\u00e9 et le dialogue plut\u00f4t que l\u2019exclusion. \u00c0 l\u2019inverse, c\u00e9der aux extr\u00eames, c\u2019est r\u00e9tr\u00e9cir la ville\u00a0\u00bb. Un appel destin\u00e9 notamment \u00e0 <a href=\"https:\/\/www.lyonmag.com\/profil-personnalite-lyonnaise\/512\/pierre-oliver\" target=\"_blank\" rel=\"noopener nofollow\">Pierre Oliver<\/a> et <a href=\"https:\/\/www.lyonmag.com\/profil-personnalite-lyonnaise\/35\/georges-kepenekian\" target=\"_blank\" rel=\"noopener nofollow\">Georges K\u00e9p\u00e9n\u00e9kian<\/a>, pour contrer la probable alliance au second tour entre \u00e9cologistes et insoumis.<\/p>\n<p>Il place \u00e9galement la culture et l\u2019histoire au c\u0153ur de son projet politique : \u00ab\u00a0Je veux que Lyon renoue avec son histoire et fasse de la culture non pas une variable d\u2019ajustement, mais une priorit\u00e9, parce qu\u2019elle est ce qui relie, inspire et donne sens \u00e0 l\u2019action collective\u00a0\u00bb.<\/p>\n<p>Enfin, JMA r\u00e9sume sa philosophie par une conviction forte : \u00ab\u00a0Pour moi, il n\u2019y a donc jamais eu de cloison \u00e9tanche entre sport, soci\u00e9t\u00e9 et politique : il y a des passerelles. Gouverner un club, une entreprise ou une ville, c\u2019est composer avec les \u00e9gos et les tensions, sans perdre de vue l\u2019int\u00e9r\u00eat collectif\u00a0\u00bb.<\/p>\n<p>Dans les prochaines semaines, Jean-Michel Aulas devrait pr\u00e9ciser ses premi\u00e8res propositions et structurer son \u00e9quipe de campagne, avec l\u2019ambition d\u2019\u00a0\u00bbagir juste et rassembler large\u00a0\u00bb pour Lyon en 2026.<\/p>\n<blockquote class=\"twitter-tweet\"><p>&#13;<\/p>\n<p dir=\"ltr\" lang=\"fr\">J\u2019ai appris qu\u2019on ne b\u00e2tit rien en divisant : gouverner, c\u2019est poser des r\u00e8gles, garder l\u2019\u00e9quilibre, ouvrir sans diluer.<br \/>C\u2019est l\u2019esprit de ma tribune dans La <a href=\"https:\/\/twitter.com\/TribuneDimanche?ref_src=twsrc%5Etfw\" rel=\"nofollow noopener\" target=\"_blank\">@TribuneDimanche<\/a>.<br \/>\u00c0 Lyon, il est temps de refonder une ville qui refuse les extr\u00eames et le repli, qui fait de la culture\u2026 <a href=\"https:\/\/t.co\/llgWifymgU\" rel=\"nofollow\">https:\/\/t.co\/llgWifymgU<\/a> <a href=\"https:\/\/t.co\/VZMDmO4mSs\" rel=\"nofollow\">pic.twitter.com\/VZMDmO4mSs<\/a><\/p>\n<p>&#13;<br \/>\n\u2014 Jean-Michel AULAS (@JM_Aulas) <a href=\"https:\/\/twitter.com\/JM_Aulas\/status\/1959386959060807732?ref_src=twsrc%5Etfw\" rel=\"nofollow noopener\" target=\"_blank\">August 23, 2025<\/a><\/p><\/blockquote>\n<p>  \t\t\t\t\t<script async src=\"https:\/\/platform.twitter.com\/widgets.js\" charset=\"utf-8\"><\/script><\/p>\n","protected":false},"excerpt":{"rendered":"Ce dimanche, l\u2019ancien pr\u00e9sident de l\u2019Olympique Lyonnais pose une nouvelle pierre dans la course \u00e0 l\u2019H\u00f4tel de Ville.&hellip;\n","protected":false},"author":2,"featured_media":341933,"comment_status":"","ping_status":"","sticky":false,"template":"","format":"standard","meta":{"footnotes":""},"categories":[1889],"tags":[1111,11,2813,2190,2430,1109,251,1112,2811,1777,674,118,1011,27,1922,1110,1114,2428,2810,12,241,316,25,2812,517,800],"class_list":{"0":"post-341932","1":"post","2":"type-post","3":"status-publish","4":"format-standard","5":"has-post-thumbnail","7":"category-lyon","8":"tag-actu","9":"tag-actualites","10":"tag-article","11":"tag-asvel","12":"tag-auvergne-rhone-alpes","13":"tag-breves","14":"tag-culture","15":"tag-depeches","16":"tag-economique","17":"tag-eu","18":"tag-europe","19":"tag-faits-divers","20":"tag-fr","21":"tag-france","22":"tag-info","23":"tag-informations","24":"tag-infos","25":"tag-lyon","26":"tag-lyonmag","27":"tag-news","28":"tag-ol","29":"tag-politique","30":"tag-republique-francaise","31":"tag-sociale","32":"tag-sport","33":"tag-transports"},"share_on_mastodon":{"url":"https:\/\/pubeurope.com\/@fr\/115087284841374828","error":""},"_links":{"self":[{"href":"https:\/\/www.europesays.com\/fr\/wp-json\/wp\/v2\/posts\/341932","targetHints":{"allow":["GET"]}}],"collection":[{"href":"https:\/\/www.europesays.com\/fr\/wp-json\/wp\/v2\/posts"}],"about":[{"href":"https:\/\/www.europesays.com\/fr\/wp-json\/wp\/v2\/types\/post"}],"author":[{"embeddable":true,"href":"https:\/\/www.europesays.com\/fr\/wp-json\/wp\/v2\/users\/2"}],"replies":[{"embeddable":true,"href":"https:\/\/www.europesays.com\/fr\/wp-json\/wp\/v2\/comments?post=341932"}],"version-history":[{"count":0,"href":"https:\/\/www.europesays.com\/fr\/wp-json\/wp\/v2\/posts\/341932\/revisions"}],"wp:featuredmedia":[{"embeddable":true,"href":"https:\/\/www.europesays.com\/fr\/wp-json\/wp\/v2\/media\/341933"}],"wp:attachment":[{"href":"https:\/\/www.europesays.com\/fr\/wp-json\/wp\/v2\/media?parent=341932"}],"wp:term":[{"taxonomy":"category","embeddable":true,"href":"https:\/\/www.europesays.com\/fr\/wp-json\/wp\/v2\/categories?post=341932"},{"taxonomy":"post_tag","embeddable":true,"href":"https:\/\/www.europesays.com\/fr\/wp-json\/wp\/v2\/tags?post=341932"}],"curies":[{"name":"wp","href":"https:\/\/api.w.org\/{rel}","templated":true}]}}