{"id":341934,"date":"2025-08-25T03:31:25","date_gmt":"2025-08-25T03:31:25","guid":{"rendered":"https:\/\/www.europesays.com\/fr\/341934\/"},"modified":"2025-08-25T03:31:25","modified_gmt":"2025-08-25T03:31:25","slug":"alerte-meteo-des-pluies-torrentielles-risquent-de-sabattre-sur-lespagne-et-atteindre-la-france-le-plan-special-durgence-inondation-active","status":"publish","type":"post","link":"https:\/\/www.europesays.com\/fr\/341934\/","title":{"rendered":"ALERTE M\u00c9T\u00c9O. Des pluies torrentielles risquent de s&rsquo;abattre sur l&rsquo;Espagne et atteindre la France, le plan sp\u00e9cial d&rsquo;urgence inondation activ\u00e9"},"content":{"rendered":"<p class=\"article__intro\">Ce dimanche 24 ao\u00fbt 2025 apr\u00e8s-midi, de fortes pluies pourraient s&rsquo;abattre sur la Catalogne et remonter jusque dans les Pyr\u00e9n\u00e9es-Orientales fran\u00e7aises, charriant gr\u00eale et fortes bourrasques. Le plan d&rsquo;urgence inondation catalan a \u00e9t\u00e9 activ\u00e9 et les populations sont appel\u00e9es \u00e0 la plus grande vigilance.<\/p>\n<p>\n      L\u2019actu des r\u00e9gions\n    <\/p>\n<p>\n      Chaque jour, un tour d\u2019horizon des principales infos de toutes les r\u00e9gions.\n    <\/p>\n<p>    France T\u00e9l\u00e9visions utilise votre adresse e-mail afin de vous envoyer la newsletter \u00ab\u00a0L\u2019actu des r\u00e9gions\u00a0\u00bb. Vous pouvez vous d\u00e9sinscrire \u00e0 tout moment via le lien en bas de cette newsletter. <a target=\"_blank\" href=\"https:\/\/www.francetelevisions.fr\/groupe\/confidentialite\/politique-de-confidentialite\/politique-de-confidentialite-de-france-televisions-6503\" rel=\"nofollow noopener\">Notre politique de confidentialit\u00e9<\/a><\/p>\n<p>Le plan sp\u00e9cial d&rsquo;urgence pour les inondations en Catalogne (INUNCAT) a \u00e9t\u00e9 activ\u00e9 par les autorit\u00e9s espagnoles, ce dimanche 24 ao\u00fbt 2025 apr\u00e8s-midi.<\/p>\n<p>Des pluies violentes pourraient toucher le nord de la Catalogne et traverser la fronti\u00e8re jusqu&rsquo;aux Pyr\u00e9n\u00e9es-Orientales fran\u00e7aises, o\u00f9 elles atteindraient leur niveau le plus intense.<\/p>\n<\/p>\n<p>Le service m\u00e9t\u00e9orologique de Catalogne (SMC) pr\u00e9voit un \u00e9pisode pluvieux qui devrait d\u00e9buter dimanche en d\u00e9but d&rsquo;apr\u00e8s-midi dans la r\u00e9gion pr\u00e9-littorale de Barcelone et de G\u00e9rone.<\/p>\n<p>Il se d\u00e9placera ensuite \u00ab\u00a0vers l&rsquo;int\u00e9rieur des terres, affectant la Catalogne centrale, le Ponent et les Pyr\u00e9n\u00e9es\u00a0\u00bb, d\u00e9taille le gouvernement catalan <a href=\"https:\/\/govern.cat\/salapremsa\/notes-premsa\/737008\/activat-alerta-pla-inuncat-previsions-pluges-intenses-partir-dema-tarda?v=\" target=\"_blank\" rel=\"noopener nofollow\">dans un communiqu\u00e9<\/a>.<\/p>\n<blockquote class=\"twitter-tweet\">\n<p dir=\"ltr\" lang=\"ca\">\u26a0 Actualitzat l&rsquo;av\u00eds de situaci\u00f3 meteorol\u00f2gica de perill (<a href=\"https:\/\/twitter.com\/hashtag\/avisosSMP?src=hash&amp;ref_src=twsrc%5Etfw\" rel=\"nofollow noopener\" target=\"_blank\">#avisosSMP<\/a>) per intensitat de pluja \u26a0\ufe0f<br \/>\u27a1 Dg. 14:00 a dl. 02:00 h<br \/>\u27a1 Possibilitat de precipitaci\u00f3 &gt; 20 mm \/ 30 minuts<br \/>\u27a1 Grau de perill m\u00e0x: \ud83d\udfe0 3\/6<br \/>Hora local (h) = TU +2 <a href=\"https:\/\/t.co\/21ITZc4Myv\" rel=\"nofollow\">pic.twitter.com\/21ITZc4Myv<\/a><\/p>\n<p>\u2014 Meteocat (@meteocat) <a href=\"https:\/\/twitter.com\/meteocat\/status\/1959532495071834361?ref_src=twsrc%5Etfw\" rel=\"nofollow noopener\" target=\"_blank\">August 24, 2025<\/a><\/p><\/blockquote>\n<p>Les pr\u00e9cipitations pourraient atteindre leur niveau le plus intense dans les Pyr\u00e9n\u00e9es-Orientales fran\u00e7aises, avec un d\u00e9bit pouvant aller jusqu&rsquo;\u00e0 20 millim\u00e8tres par m2. Les averses pourraient \u00eatre accompagn\u00e9es \u00ab\u00a0d&rsquo;orages, de gr\u00eale et de fortes rafales de vent\u00a0\u00bb, pr\u00e9cise le communiqu\u00e9.<\/p>\n<p>Le gouvernement catalan appelle \u00e0 la plus grande vigilance et rappelle les mesures de s\u00e9curit\u00e9. Il est recommand\u00e9 \u00ab\u00a0d&rsquo;\u00e9viter de conduire et de stationner pr\u00e8s des cours d&rsquo;eau ou des zones souterraines inondables\u00a0\u00bb.<\/p>\n<p>Il est conseill\u00e9 de circuler de pr\u00e9f\u00e9rence \u00ab\u00a0sur les grands axes et autoroutes, de mod\u00e9rer sa vitesse et de respecter les distances de s\u00e9curit\u00e9\u00a0\u00bb.<\/p>\n<p>En montagne, en cas de menace de submersion, il faut se diriger vers \u00ab\u00a0des points sur\u00e9lev\u00e9s, loin des berges des rivi\u00e8res et des lits de ravins\u00a0\u00bb.<\/p>\n<p>\u00c0 la maison, il faut \u00e9viter les \u00ab\u00a0zones inondables comme le sous-sol ou le garage\u00a0\u00bb, et ne pas laisser d&rsquo;objets ou de meubles \u00e0 l&rsquo;ext\u00e9rieur que l&rsquo;eau pourrait emporter.<\/p>\n<p>Les animaux domestiques, la nourriture, l&rsquo;eau potable, les documents importants, les objets de valeur et les produits dangereux doivent \u00eatre stock\u00e9s \u00ab\u00a0dans des endroits \u00e9lev\u00e9s et prot\u00e9g\u00e9s\u00a0\u00bb.<\/p>\n<p>Plus d&rsquo;informations \u00e0 suivre.<\/p>\n<p>  <script async src=\"https:\/\/platform.twitter.com\/widgets.js\" charset=\"utf-8\"><\/script><\/p>\n","protected":false},"excerpt":{"rendered":"Ce dimanche 24 ao\u00fbt 2025 apr\u00e8s-midi, de fortes pluies pourraient s&rsquo;abattre sur la Catalogne et remonter jusque dans&hellip;\n","protected":false},"author":2,"featured_media":341935,"comment_status":"","ping_status":"","sticky":false,"template":"","format":"standard","meta":{"footnotes":""},"categories":[1888],"tags":[1111,1928,11,1927,1777,674,1011,27,12,1926,626,1925,25],"class_list":{"0":"post-341934","1":"post","2":"type-post","3":"status-publish","4":"format-standard","5":"has-post-thumbnail","7":"category-paris","8":"tag-actu","9":"tag-actu-paris","10":"tag-actualites","11":"tag-actualites-paris","12":"tag-eu","13":"tag-europe","14":"tag-fr","15":"tag-france","16":"tag-news","17":"tag-news-paris","18":"tag-paris","19":"tag-paris-news","20":"tag-republique-francaise"},"share_on_mastodon":{"url":"https:\/\/pubeurope.com\/@fr\/115087296750911244","error":""},"_links":{"self":[{"href":"https:\/\/www.europesays.com\/fr\/wp-json\/wp\/v2\/posts\/341934","targetHints":{"allow":["GET"]}}],"collection":[{"href":"https:\/\/www.europesays.com\/fr\/wp-json\/wp\/v2\/posts"}],"about":[{"href":"https:\/\/www.europesays.com\/fr\/wp-json\/wp\/v2\/types\/post"}],"author":[{"embeddable":true,"href":"https:\/\/www.europesays.com\/fr\/wp-json\/wp\/v2\/users\/2"}],"replies":[{"embeddable":true,"href":"https:\/\/www.europesays.com\/fr\/wp-json\/wp\/v2\/comments?post=341934"}],"version-history":[{"count":0,"href":"https:\/\/www.europesays.com\/fr\/wp-json\/wp\/v2\/posts\/341934\/revisions"}],"wp:featuredmedia":[{"embeddable":true,"href":"https:\/\/www.europesays.com\/fr\/wp-json\/wp\/v2\/media\/341935"}],"wp:attachment":[{"href":"https:\/\/www.europesays.com\/fr\/wp-json\/wp\/v2\/media?parent=341934"}],"wp:term":[{"taxonomy":"category","embeddable":true,"href":"https:\/\/www.europesays.com\/fr\/wp-json\/wp\/v2\/categories?post=341934"},{"taxonomy":"post_tag","embeddable":true,"href":"https:\/\/www.europesays.com\/fr\/wp-json\/wp\/v2\/tags?post=341934"}],"curies":[{"name":"wp","href":"https:\/\/api.w.org\/{rel}","templated":true}]}}