{"id":341936,"date":"2025-08-25T03:32:12","date_gmt":"2025-08-25T03:32:12","guid":{"rendered":"https:\/\/www.europesays.com\/fr\/341936\/"},"modified":"2025-08-25T03:32:12","modified_gmt":"2025-08-25T03:32:12","slug":"paris-convoque-lambassadeur-des-etats-unis-en-france-apres-des-critiques-sur-la-lutte-contre-lantisemitisme","status":"publish","type":"post","link":"https:\/\/www.europesays.com\/fr\/341936\/","title":{"rendered":"Paris convoque l&rsquo;ambassadeur des \u00c9tats-Unis en France apr\u00e8s des critiques sur la lutte contre l&rsquo;antis\u00e9mitisme"},"content":{"rendered":"<p>Charles Kushner est convoqu\u00e9 au minist\u00e8re fran\u00e7ais des Affaires \u00e9trang\u00e8res ce lundi 25 ao\u00fbt apr\u00e8s avoir fait part de \u00ab\u00a0sa profonde inqui\u00e9tude face \u00e0 la flamb\u00e9e de l&rsquo;antis\u00e9mitisme en France et \u00e0 l&rsquo;absence d&rsquo;action suffisante de [son] gouvernement pour le combattre\u00a0\u00bb dans une lettre adress\u00e9e \u00e0 Emmanuel Macron.<\/p>\n<p>Charles Kushner, l&rsquo;ambassadeur des \u00c9tats-Unis en France, va \u00eatre convoqu\u00e9 lundi 25 ao\u00fbt au minist\u00e8re des Affaires \u00e9trang\u00e8res apr\u00e8s des critiques sur \u00ab\u00a0l&rsquo;absence d&rsquo;action suffisante\u00a0\u00bb du pr\u00e9sident <strong><a href=\"https:\/\/www.rfi.fr\/fr\/tag\/emmanuel-macron\/\" class=\"link \" rel=\"nofollow noopener\" target=\"_blank\" data-ylk=\"slk:Emmanuel Macron;elm:context_link;itc:0;sec:content-canvas\">Emmanuel Macron<\/a><\/strong> contre l&rsquo;antis\u00e9mitisme qui ont provoqu\u00e9 la col\u00e8re de Paris. Dans une lettre adress\u00e9e au chef de l&rsquo;\u00c9tat obtenue dimanche par l&rsquo;AFP, l&rsquo;ambassadeur exprime \u00ab\u00a0sa profonde inqui\u00e9tude face \u00e0 la flamb\u00e9e de l&rsquo;antis\u00e9mitisme en France et \u00e0 l&rsquo;absence d&rsquo;action suffisante de [son] gouvernement pour le combattre\u00a0\u00bb, rejoignant ainsi des critiques d\u00e9j\u00e0 faites par le Premier ministre isra\u00e9lien <strong><a href=\"https:\/\/www.rfi.fr\/fr\/tag\/benyamin-netanyahu\/\" class=\"link \" rel=\"nofollow noopener\" target=\"_blank\" data-ylk=\"slk:Benyamin Netanyahu;elm:context_link;itc:0;sec:content-canvas\">Benyamin Netanyahu<\/a><\/strong>.<\/p>\n<p>Qualifi\u00e9s d&rsquo;accusations \u00ab\u00a0inacceptables\u00a0\u00bb, ces propos sont \u00ab r\u00e9fut[\u00e9] fermement\u00a0\u00bb par le porte-parole du minist\u00e8re fran\u00e7ais des Affaires \u00e9trang\u00e8res : ils \u00ab\u00a0vont \u00e0 l&rsquo;encontre du droit international, en particulier du devoir de ne pas s&rsquo;immiscer dans les affaires int\u00e9rieures des \u00c9tats [&#8230;]. [Ils] ne sont par ailleurs pas \u00e0 la hauteur de la qualit\u00e9 du lien transatlantique entre la France et les \u00c9tats-Unis et de la confiance qui doit en r\u00e9sulter entre alli\u00e9s\u00a0\u00bb, a r\u00e9agi le Quai d&rsquo;Orsay qui a pr\u00e9cis\u00e9 que \u00ab\u00a0l&rsquo;ambassadeur Kushner sera convoqu\u00e9 [&#8230;] ce lundi 25 ao\u00fbt\u00a0\u00bb &#8211; une mesure rarissime entre alli\u00e9s.<\/p>\n<p>Les critiques du diplomate am\u00e9ricain, qui a r\u00e9cemment pris ses fonctions \u00e0 Paris, interviennent quelques jours apr\u00e8s une violente charge de Benyamin Netanyahu contre le pr\u00e9sident fran\u00e7ais qu&rsquo;il accuse \u00ab\u00a0d&rsquo;alimenter le feu antis\u00e9mite\u00a0en appelant \u00e0 la reconnaissance internationale de l&rsquo;\u00c9tat de Palestine\u00a0\u00bb, analyse \u00e0 laquelle la pr\u00e9sidence fran\u00e7aise avait d\u00e9j\u00e0 r\u00e9pliqu\u00e9 en la qualifiant d&rsquo;\u00ab\u00a0erron\u00e9e, abjecte et [qui] ne demeurera pas sans r\u00e9ponse\u00a0\u00bb.<\/p>\n<p>\u00ab\u00a0Plus possible de tergiverser\u00a0\u00bb<\/p>\n<p>Dans sa lettre dat\u00e9e du lundi 25 ao\u00fbt, l&rsquo;ambassadeur am\u00e9ricain reprend l&rsquo;argumentaire de Benyamin Netanyahu. \u00ab\u00a0Des d\u00e9clarations qui vilipendent Isra\u00ebl et des gestes en reconnaissance d&rsquo;un \u00c9tat palestinien encouragent les extr\u00e9mistes, fomentent la violence et mettent en p\u00e9ril la jud\u00e9it\u00e9 en France\u00a0\u00bb, estime Charles Kushner, p\u00e8re du gendre de <strong><a href=\"https:\/\/www.rfi.fr\/fr\/tag\/donald-trump\/\" class=\"link \" rel=\"nofollow noopener\" target=\"_blank\" data-ylk=\"slk:Donald Trump;elm:context_link;itc:0;sec:content-canvas\">Donald Trump<\/a><\/strong>, Jared Kushner, qui ajoute : \u00ab Aujourd&rsquo;hui, ce n&rsquo;est plus possible de tergiverser : l&rsquo;antisionisme, c&rsquo;est l&rsquo;antis\u00e9mitisme, point \u00bb. \u00ab\u00a0Il ne se passe pas un jour en France sans que des Juifs soient agress\u00e9s dans les rues, des synagogues et des \u00e9coles d\u00e9grad\u00e9es, et des entreprises appartenant \u00e0 des Juifs vandalis\u00e9es. Le minist\u00e8re de l&rsquo;Int\u00e9rieur de votre propre gouvernement constate que des \u00e9coles maternelles ont \u00e9t\u00e9 cibl\u00e9es par des d\u00e9gradations antis\u00e9mites\u00a0\u00bb, poursuit encore celui-ci alors que les actes antis\u00e9mites sont en nette progression dans l&rsquo;Hexagone depuis le 7 octobre 2023, date des attaques sans pr\u00e9c\u00e9dent du Hamas contre<strong> <a href=\"https:\/\/www.rfi.fr\/fr\/tag\/isra\u00ebl\/\" class=\"link \" rel=\"nofollow noopener\" target=\"_blank\" data-ylk=\"slk:Isra\u00ebl;elm:context_link;itc:0;sec:content-canvas\">Isra\u00ebl<\/a> <\/strong>et du d\u00e9clenchement de la guerre \u00e0 Gaza.<\/p>\n<p>Le repr\u00e9sentant des<strong> <a href=\"https:\/\/www.rfi.fr\/fr\/tag\/\u00e9tats-unis\/\" class=\"link \" rel=\"nofollow noopener\" target=\"_blank\" data-ylk=\"slk:\u00c9tats-Unis;elm:context_link;itc:0;sec:content-canvas\">\u00c9tats-Unis<\/a><\/strong> en <strong><a href=\"https:\/\/www.rfi.fr\/fr\/tag\/france\/\" class=\"link \" rel=\"nofollow noopener\" target=\"_blank\" data-ylk=\"slk:France;elm:context_link;itc:0;sec:content-canvas\">France<\/a><\/strong> s&rsquo;indigne \u00e9galement que \u00ab\u00a0presque la moiti\u00e9 de jeunes Fran\u00e7ais disent ne jamais avoir entendu parler de la <strong><a href=\"https:\/\/www.rfi.fr\/fr\/tag\/shoah\/\" class=\"link \" rel=\"nofollow noopener\" target=\"_blank\" data-ylk=\"slk:Shoah;elm:context_link;itc:0;sec:content-canvas\">Shoah<\/a><\/strong>\u00a0\u00bb. Vantant les actions du pr\u00e9sident Trump en la mati\u00e8re et la capacit\u00e9 \u00e0 \u00ab\u00a0combattre l&rsquo;antis\u00e9mitisme, tant que nos dirigeants ont la volont\u00e9 d&rsquo;agir\u00a0\u00bb, Charles Kushner exhorte le pr\u00e9sident fran\u00e7ais \u00ab\u00a0\u00e0 agir avec r\u00e9solution\u00a0\u00bb. \u00ab\u00a0La mont\u00e9e des actes antis\u00e9mites en France depuis le 7 octobre 2023 est une r\u00e9alit\u00e9 que nous d\u00e9plorons et sur laquelle les autorit\u00e9s fran\u00e7aises font preuve d&rsquo;une mobilisation totale, tant ces actes sont intol\u00e9rables\u00a0\u00bb, a r\u00e9agi la diplomatie fran\u00e7aise.<\/p>\n<p>Cette lettre de l&rsquo;ambassadeur des \u00c9tats-Unis \u00e0 Paris est adress\u00e9e \u00e0 Emmanuel Macron alors que celui-ci a annonc\u00e9, \u00e0 la fin du mois de juillet, que la France allait reconna\u00eetre l&rsquo;\u00c9tat de Palestine \u00e0 l&rsquo;Assembl\u00e9e g\u00e9n\u00e9rale de l&rsquo;ONU en septembre. Dans la foul\u00e9e, <strong><a href=\"https:\/\/fr.news.yahoo.com\/reconnaissance-dun-%C3%A9tat-palestinien-pari-115450534.html\" data-ylk=\"slk:plus d&#039;une dizaine de pays occidentaux;elm:context_link;itc:0;sec:content-canvas;outcm:mb_qualified_link;_E:mb_qualified_link;ct:story;\" class=\"link  yahoo-link\" target=\"_blank\" rel=\"noopener\">plus d&rsquo;une dizaine de pays occidentaux<\/a><\/strong>, parmi lesquels le Canada et l&rsquo;Australie, ont appel\u00e9 d&rsquo;autre pays du monde \u00e0 faire de m\u00eame.<\/p>\n<p>\u00c0 lire aussi<a href=\"https:\/\/fr.news.yahoo.com\/france-va-reconna%C3%AEtre-l%C3%A9tat-palestine-192206975.html\" class=\"link  yahoo-link\" data-ylk=\"slk:La France va reconna\u00eetre l&#039;\u00c9tat de Palestine en septembre;elm:context_link;itc:0;sec:content-canvas;outcm:mb_qualified_link;_E:mb_qualified_link;ct:story;\" target=\"_blank\" rel=\"noopener\">La France va reconna\u00eetre l&rsquo;\u00c9tat de Palestine en septembre<\/a><\/p>\n","protected":false},"excerpt":{"rendered":"Charles Kushner est convoqu\u00e9 au minist\u00e8re fran\u00e7ais des Affaires \u00e9trang\u00e8res ce lundi 25 ao\u00fbt apr\u00e8s avoir fait part&hellip;\n","protected":false},"author":2,"featured_media":341937,"comment_status":"","ping_status":"","sticky":false,"template":"","format":"standard","meta":{"footnotes":""},"categories":[1888],"tags":[1111,1928,11,1927,3262,47802,1073,1777,674,1011,27,25783,12,1926,626,1925,9962,25],"class_list":{"0":"post-341936","1":"post","2":"type-post","3":"status-publish","4":"format-standard","5":"has-post-thumbnail","7":"category-paris","8":"tag-actu","9":"tag-actu-paris","10":"tag-actualites","11":"tag-actualites-paris","12":"tag-benyamin-netanyahu","13":"tag-charles-kushner","14":"tag-emmanuel-macron","15":"tag-eu","16":"tag-europe","17":"tag-fr","18":"tag-france","19":"tag-ministere-francais-des-affaires-etrangeres","20":"tag-news","21":"tag-news-paris","22":"tag-paris","23":"tag-paris-news","24":"tag-president-francais","25":"tag-republique-francaise"},"share_on_mastodon":{"url":"https:\/\/pubeurope.com\/@fr\/115087300601341513","error":""},"_links":{"self":[{"href":"https:\/\/www.europesays.com\/fr\/wp-json\/wp\/v2\/posts\/341936","targetHints":{"allow":["GET"]}}],"collection":[{"href":"https:\/\/www.europesays.com\/fr\/wp-json\/wp\/v2\/posts"}],"about":[{"href":"https:\/\/www.europesays.com\/fr\/wp-json\/wp\/v2\/types\/post"}],"author":[{"embeddable":true,"href":"https:\/\/www.europesays.com\/fr\/wp-json\/wp\/v2\/users\/2"}],"replies":[{"embeddable":true,"href":"https:\/\/www.europesays.com\/fr\/wp-json\/wp\/v2\/comments?post=341936"}],"version-history":[{"count":0,"href":"https:\/\/www.europesays.com\/fr\/wp-json\/wp\/v2\/posts\/341936\/revisions"}],"wp:featuredmedia":[{"embeddable":true,"href":"https:\/\/www.europesays.com\/fr\/wp-json\/wp\/v2\/media\/341937"}],"wp:attachment":[{"href":"https:\/\/www.europesays.com\/fr\/wp-json\/wp\/v2\/media?parent=341936"}],"wp:term":[{"taxonomy":"category","embeddable":true,"href":"https:\/\/www.europesays.com\/fr\/wp-json\/wp\/v2\/categories?post=341936"},{"taxonomy":"post_tag","embeddable":true,"href":"https:\/\/www.europesays.com\/fr\/wp-json\/wp\/v2\/tags?post=341936"}],"curies":[{"name":"wp","href":"https:\/\/api.w.org\/{rel}","templated":true}]}}