{"id":34194,"date":"2025-04-18T13:49:16","date_gmt":"2025-04-18T13:49:16","guid":{"rendered":"https:\/\/www.europesays.com\/fr\/34194\/"},"modified":"2025-04-18T13:49:16","modified_gmt":"2025-04-18T13:49:16","slug":"saint-etienne-face-au-manque-de-volonte-de-la-mairie-les-eboueurs-poursuivent-la-greve","status":"publish","type":"post","link":"https:\/\/www.europesays.com\/fr\/34194\/","title":{"rendered":"Saint-\u00c9tienne. Face \u00ab\u00a0au manque de volont\u00e9\u00a0\u00bb de la mairie, les \u00e9boueurs poursuivent la gr\u00e8ve"},"content":{"rendered":"<p>            Par<br \/>\n        <strong><br \/>\n            <a href=\"https:\/\/actu.fr\/auteur\/redaction-saint-etienne\" title=\"Consulter tous les articles de R\u00e9daction Saint-\u00c9tienne\" target=\"_blank\" rel=\"noopener\">R\u00e9daction Saint-\u00c9tienne<\/a><br \/>\n        <\/strong><\/p>\n<p>        Publi\u00e9 le<\/p>\n<p>            17 avr. 2025 \u00e0 10h03        <\/p>\n<p>Le piquet de gr\u00e8ve <strong>reste en place<\/strong>. Face au refus de la collectivit\u00e9 de revaloriser leur prime de travaux dangereux et insalubres, la majorit\u00e9 des agents de la collecte des d\u00e9chets m\u00e9nagers de <a href=\"https:\/\/actu.fr\/saint-etienne\/\" target=\"_blank\" rel=\"noopener\">Saint-\u00c9tienne<\/a> M\u00e9tropole ont d\u00e9cid\u00e9 mercredi de <a href=\"https:\/\/actu.fr\/auvergne-rhone-alpes\/saint-etienne_42218\/saint-etienne-la-greve-des-eboueurs-s-enlise-la-mairie-reagit-et-prend-des-mesures_62521024.html\" target=\"_blank\" rel=\"noopener\">reconduire leur gr\u00e8ve<\/a>, qui dure depuis dix jours.<\/p>\n<p class=\" wall-content\">\u00ab\u2009Apr\u00e8s avoir constat\u00e9 l\u2019absence de volont\u00e9 de n\u00e9gocier des \u00e9lus, avec qui aucune r\u00e9union n\u2019est programm\u00e9e, nous avons d\u00e9pos\u00e9 aujourd\u2019hui (mercredi) un nouveau pr\u00e9avis de gr\u00e8ve qui court jusqu\u2019au 4\u00a0mai\u2009\u00bb, a expliqu\u00e9 \u00e0 l\u2019AFP Micka\u00ebl Chambas, secr\u00e9taire g\u00e9n\u00e9ral CGT de Saint-\u00c9tienne M\u00e9tropole.<\/p>\n<p>Les gr\u00e9vistes veulent une \u00ab\u2009revalorisation de la prime pour travaux dangereux\u2009\u00bb<\/p>\n<p class=\" wall-content\">Une des principales revendications des gr\u00e9vistes concerne la \u00ab<strong>\u2009revalorisation de la prime pour travaux dangereux<\/strong> et insalubres, afin qu\u2019elle soit port\u00e9e de 75 \u00e0 120\u00a0euros par mois pour les 131 salari\u00e9s du service\u2009\u00bb, indique le repr\u00e9sentant syndical.<\/p>\n<p class=\" wall-content\">Une augmentation justifi\u00e9e selon lui par une \u00ab\u2009augmentation des quantit\u00e9s collect\u00e9es lors des tourn\u00e9es. Le nombre de ces derni\u00e8res a \u00e9t\u00e9 r\u00e9duit, les conditions d\u2019acc\u00e8s aux d\u00e9chetteries sont restreintes, donc le poids des bacs augmente avec de plus en plus de mati\u00e8res dangereuses \u00e0 l\u2019int\u00e9rieur\u2009\u00bb, poursuit-il.<\/p>\n<p>La mairie fait appel \u00e0 des prestataires<\/p>\n<p class=\" wall-content\">Selon Micka\u00ebl Chambas, \u00ab\u200931 des 33 camions de ramassage des ordures m\u00e9nag\u00e8res, qui collectent environ 700\u00a0tonnes par semaine sur une partie de la m\u00e9tropole st\u00e9phanoise, sont \u00e0 l\u2019arr\u00eat\u2009\u00bb.<\/p>\n<p>Vid\u00e9os : en ce moment sur Actu<\/p>\n<p class=\" wall-content\">Face \u00e0 l\u2019amoncellement d\u2019ordures, \u00ab\u2009qui emp\u00eache de marcher sur les trottoirs de certaines rues\u2009\u00bb, souligne Laurent Pelletier, g\u00e9rant d\u2019un bar et d\u2019une discoth\u00e8que de la m\u00e9tropole, certaines villes, dont Saint-\u00c9tienne, ont annonc\u00e9 faire appel \u00e0 \u00ab\u2009des<strong> prestataires<\/strong> pour ramasser les sacs-poubelle laiss\u00e9s \u00e0 m\u00eame le sol, \u00e9voquant un probl\u00e8me de salubrit\u00e9 publique\u2009\u00bb.<\/p>\n<p class=\" wall-content\"><strong>Avec AFP<\/strong><\/p>\n<p class=\" wall-content\">Suivez toute l\u2019actualit\u00e9 de vos villes et m\u00e9dias favoris en vous inscrivant \u00e0 <a href=\"https:\/\/moncompte.actu.fr\" title=\"D\u00e9couvez Mon Actu\" rel=\"nofollow noopener\" data-trk=\"{&quot;cta&quot;:{&quot;action&quot;:&quot;https:\\\/\\\/moncompte.actu.fr&quot;,&quot;category&quot;:&quot;mon compte&quot;,&quot;from&quot;:&quot;article footer&quot;,&quot;name&quot;:&quot;Mon actu&quot;,&quot;type&quot;:&quot;cta&quot;}}\" target=\"_blank\">Mon Actu<\/a>.<\/p>\n","protected":false},"excerpt":{"rendered":"Par R\u00e9daction Saint-\u00c9tienne Publi\u00e9 le 17 avr. 2025 \u00e0 10h03 Le piquet de gr\u00e8ve reste en place. Face&hellip;\n","protected":false},"author":2,"featured_media":34195,"comment_status":"","ping_status":"","sticky":false,"template":"","format":"standard","meta":{"footnotes":""},"categories":[9653],"tags":[1111,11,2430,3008,1777,674,1011,27,6151,12,25,4001,10060,104],"class_list":{"0":"post-34194","1":"post","2":"type-post","3":"status-publish","4":"format-standard","5":"has-post-thumbnail","7":"category-saint-etienne","8":"tag-actu","9":"tag-actualites","10":"tag-auvergne-rhone-alpes","11":"tag-dechets","12":"tag-eu","13":"tag-europe","14":"tag-fr","15":"tag-france","16":"tag-greve","17":"tag-news","18":"tag-republique-francaise","19":"tag-saint-etienne","20":"tag-saint-etienne-metropole","21":"tag-societe"},"share_on_mastodon":{"url":"https:\/\/pubeurope.com\/@fr\/114359288891422456","error":""},"_links":{"self":[{"href":"https:\/\/www.europesays.com\/fr\/wp-json\/wp\/v2\/posts\/34194","targetHints":{"allow":["GET"]}}],"collection":[{"href":"https:\/\/www.europesays.com\/fr\/wp-json\/wp\/v2\/posts"}],"about":[{"href":"https:\/\/www.europesays.com\/fr\/wp-json\/wp\/v2\/types\/post"}],"author":[{"embeddable":true,"href":"https:\/\/www.europesays.com\/fr\/wp-json\/wp\/v2\/users\/2"}],"replies":[{"embeddable":true,"href":"https:\/\/www.europesays.com\/fr\/wp-json\/wp\/v2\/comments?post=34194"}],"version-history":[{"count":0,"href":"https:\/\/www.europesays.com\/fr\/wp-json\/wp\/v2\/posts\/34194\/revisions"}],"wp:featuredmedia":[{"embeddable":true,"href":"https:\/\/www.europesays.com\/fr\/wp-json\/wp\/v2\/media\/34195"}],"wp:attachment":[{"href":"https:\/\/www.europesays.com\/fr\/wp-json\/wp\/v2\/media?parent=34194"}],"wp:term":[{"taxonomy":"category","embeddable":true,"href":"https:\/\/www.europesays.com\/fr\/wp-json\/wp\/v2\/categories?post=34194"},{"taxonomy":"post_tag","embeddable":true,"href":"https:\/\/www.europesays.com\/fr\/wp-json\/wp\/v2\/tags?post=34194"}],"curies":[{"name":"wp","href":"https:\/\/api.w.org\/{rel}","templated":true}]}}