{"id":341944,"date":"2025-08-25T03:36:16","date_gmt":"2025-08-25T03:36:16","guid":{"rendered":"https:\/\/www.europesays.com\/fr\/341944\/"},"modified":"2025-08-25T03:36:16","modified_gmt":"2025-08-25T03:36:16","slug":"pour-volodymyr-zelensky-les-travaux-portant-sur-les-garanties-de-securite-seront-prets-dans-les-prochains-jours-retrouvez-les-informations-du-17-au-23-aout","status":"publish","type":"post","link":"https:\/\/www.europesays.com\/fr\/341944\/","title":{"rendered":"pour Volodymyr Zelensky, les travaux portant sur les garanties de s\u00e9curit\u00e9 \u00ab\u00a0seront pr\u00eats dans les prochains jours\u00a0\u00bb. Retrouvez les informations du 17\u00a0au 23\u00a0ao\u00fbt"},"content":{"rendered":"<p>   Le pr\u00e9sident sud-africain pousse pour une rencontre en \u00ab\u00a0urgence\u00a0\u00bb entre Kiev et Moscou apr\u00e8s un appel avec Volodymyr Zelensky             <\/p>\n<p class=\"post__live-container--answer-text post__space-node\">Le pr\u00e9sident sud-africain, Cyril Ramaphosa, a \u00ab\u00a0soulign\u00e9 l\u2019urgence\u00a0\u00bb samedi d\u2019organiser des rencontres entre Kiev et Moscou lors d\u2019un appel avec son homologue ukrainien, Volodymyr Zelensky, puis avec les chefs d\u2019Etat fran\u00e7ais et finlandais, selon un communiqu\u00e9 de Pretoria.<\/p>\n<p class=\"post__live-container--answer-text post__space-node\">Lors de son appel avec Cyril Ramaphosa, le pr\u00e9sident ukrainien a r\u00e9affirm\u00e9, selon un message sur les r\u00e9seaux sociaux, sa \u00ab\u00a0disponibilit\u00e9 pour toute forme de rencontre avec le chef de l\u2019Etat russe\u00a0\u00bb. Il a aussi accus\u00e9 Moscou de \u00ab\u00a0faire encore tra\u00eener les choses\u00a0\u00bb et appel\u00e9 le Sud global \u00e0 \u00ab\u00a0envoyer les signaux appropri\u00e9s et pousser la Russie vers la paix\u00a0\u00bb.<\/p>\n<p class=\"post__live-container--answer-text post__space-node\">\u00ab\u00a0Le pr\u00e9sident Ramaphosa a soulign\u00e9 l\u2019urgence d\u2019organiser des rencontres bilat\u00e9rales et trilat\u00e9rales entre les dirigeants de la Russie, de l\u2019Ukraine et des Etats-Unis, indispensables pour d\u00e9montrer l\u2019engagement ferme de chacun \u00e0 mettre fin \u00e0 la guerre\u00a0\u00bb, fait savoir un communiqu\u00e9 de la pr\u00e9sidence sud-africaine.<\/p>\n<p class=\"post__live-container--answer-text post__space-node\">Actuellement \u00e0 la t\u00eate du G20, Cyril Ramaphosa a \u00e9chang\u00e9 lundi avec Vladimir Poutine, qu\u2019il avait qualifi\u00e9 d\u2019\u00ab\u00a0alli\u00e9 cher\u00a0\u00bb et d\u2019\u00ab\u00a0ami pr\u00e9cieux\u00a0\u00bb en octobre lors du sommet des BRICS.<\/p>\n<p class=\"post__live-container--answer-text post__space-node\">Mais pour la premi\u00e8re fois depuis l\u2019attaque russe de l\u2019Ukraine, l\u2019Afrique du Sud a vot\u00e9 en d\u00e9but d\u2019ann\u00e9e une r\u00e9solution de l\u2019ONU qualifiant la guerre \u00ab\u00a0d\u2019invasion totale de l\u2019Ukraine\u00a0\u00bb par la Russie et \u00ab\u00a0r\u00e9affirmant son attachement\u00a0\u00bb \u00e0 l\u2019\u00ab\u00a0int\u00e9grit\u00e9 territoriale\u00a0\u00bb du pays.<\/p>\n","protected":false},"excerpt":{"rendered":"Le pr\u00e9sident sud-africain pousse pour une rencontre en \u00ab\u00a0urgence\u00a0\u00bb entre Kiev et Moscou apr\u00e8s un appel avec Volodymyr&hellip;\n","protected":false},"author":2,"featured_media":339239,"comment_status":"","ping_status":"","sticky":false,"template":"","format":"standard","meta":{"footnotes":""},"categories":[1590],"tags":[11,1777,674,12,220],"class_list":{"0":"post-341944","1":"post","2":"type-post","3":"status-publish","4":"format-standard","5":"has-post-thumbnail","7":"category-ukraine","8":"tag-actualites","9":"tag-eu","10":"tag-europe","11":"tag-news","12":"tag-ukraine"},"share_on_mastodon":{"url":"https:\/\/pubeurope.com\/@fr\/115087316493638366","error":""},"_links":{"self":[{"href":"https:\/\/www.europesays.com\/fr\/wp-json\/wp\/v2\/posts\/341944","targetHints":{"allow":["GET"]}}],"collection":[{"href":"https:\/\/www.europesays.com\/fr\/wp-json\/wp\/v2\/posts"}],"about":[{"href":"https:\/\/www.europesays.com\/fr\/wp-json\/wp\/v2\/types\/post"}],"author":[{"embeddable":true,"href":"https:\/\/www.europesays.com\/fr\/wp-json\/wp\/v2\/users\/2"}],"replies":[{"embeddable":true,"href":"https:\/\/www.europesays.com\/fr\/wp-json\/wp\/v2\/comments?post=341944"}],"version-history":[{"count":0,"href":"https:\/\/www.europesays.com\/fr\/wp-json\/wp\/v2\/posts\/341944\/revisions"}],"wp:featuredmedia":[{"embeddable":true,"href":"https:\/\/www.europesays.com\/fr\/wp-json\/wp\/v2\/media\/339239"}],"wp:attachment":[{"href":"https:\/\/www.europesays.com\/fr\/wp-json\/wp\/v2\/media?parent=341944"}],"wp:term":[{"taxonomy":"category","embeddable":true,"href":"https:\/\/www.europesays.com\/fr\/wp-json\/wp\/v2\/categories?post=341944"},{"taxonomy":"post_tag","embeddable":true,"href":"https:\/\/www.europesays.com\/fr\/wp-json\/wp\/v2\/tags?post=341944"}],"curies":[{"name":"wp","href":"https:\/\/api.w.org\/{rel}","templated":true}]}}