{"id":341945,"date":"2025-08-25T03:37:16","date_gmt":"2025-08-25T03:37:16","guid":{"rendered":"https:\/\/www.europesays.com\/fr\/341945\/"},"modified":"2025-08-25T03:37:16","modified_gmt":"2025-08-25T03:37:16","slug":"christine-lagarde-recadre-donald-trump-sur-lindependance-des-banques-centrales","status":"publish","type":"post","link":"https:\/\/www.europesays.com\/fr\/341945\/","title":{"rendered":"Christine Lagarde recadre Donald Trump sur l\u2019ind\u00e9pendance des Banques centrales"},"content":{"rendered":"<p>Dans le bras de fer qui oppose le locataire de la Maison-Blanche \u00e0 la Banque centrale am\u00e9ricaine, la Fed peut compter sur le soutien de l\u2019institution mon\u00e9taire europ\u00e9enne. Dans une interview diffus\u00e9e dimanche aux <a href=\"https:\/\/www.20minutes.fr\/monde\/etats-unis\/\" target=\"_blank\" class=\"c-link c-link--is-underlined\" rel=\"nofollow noopener\">Etats-Unis<\/a>, la pr\u00e9sidente de la <a href=\"https:\/\/www.20minutes.fr\/economie\/bce\/\" target=\"_blank\" class=\"c-link c-link--is-underlined\" rel=\"nofollow noopener\">BCE<\/a> a en effet martel\u00e9 son refus de voir l\u2019ind\u00e9pendance des Banques centrales attaqu\u00e9e.<\/p>\n<p>\u00ab\u00a0Quand une Banque centrale cesse d\u2019\u00eatre ind\u00e9pendante, ou quand son ind\u00e9pendance est menac\u00e9e, elle devient dysfonctionnelle. Elle commence \u00e0 faire des choses qu\u2019elle ne devrait pas\u00a0\u00bb, a mis en garde <a href=\"https:\/\/www.20minutes.fr\/dossier\/christine_lagarde\" target=\"_blank\" class=\"c-link c-link--is-underlined\" rel=\"nofollow noopener\">Christine Lagarde<\/a> dans un entretien avec Fox News, la cha\u00eene pr\u00e9f\u00e9r\u00e9e des conservateurs aux Etats-Unis.<\/p>\n<p>Trump contre Powell<\/p>\n<p>\u00ab\u00a0L\u2019\u00e9tape suivante, c\u2019est la confusion, l\u2019instabilit\u00e9, si ce n\u2019est pire\u00a0\u00bb, a ajout\u00e9 la pr\u00e9sidente de la Banque centrale europ\u00e9enne, apr\u00e8s avoir particip\u00e9 aux rencontres annuelles de Jackson Hole, dans le Wyoming, au c\u00f4t\u00e9 de son homologue de la R\u00e9serve f\u00e9d\u00e9rale des Etats-Unis (Fed), Jerome Powell.<\/p>\n<\/p>\n<p>Depuis son retour au pouvoir en janvier, <a href=\"https:\/\/www.20minutes.fr\/dossier\/donald_trump\" target=\"_blank\" class=\"c-link c-link--is-underlined\" rel=\"nofollow noopener\">Donald Trump<\/a> r\u00e9clame sur tous les tons une diminution des taux d\u2019int\u00e9r\u00eat de la Fed, qui influent sur les co\u00fbts d\u2019emprunt et la marche de l\u2019\u00e9conomie. Le r\u00e9publicain s\u2019est lanc\u00e9 dans une entreprise de sape de Jerome Powell, dans l\u2019espoir d\u2019acc\u00e9l\u00e9rer son d\u00e9part de l\u2019institution. Le mandat du patron de la Fed, en th\u00e9orie quasiment inamovible, court jusqu\u2019au printemps\u00a02026.<\/p>\n<p><a href=\"https:\/\/www.20minutes.fr\/economie\/\" target=\"_blank\" class=\"c-link c-btn c-btn--primary\" rel=\"nofollow noopener\">Notre dossier Economie<\/a><\/p>\n<p>Jerome Powell n\u2019est par contre pas seul \u00e0 fixer les taux directeurs am\u00e9ricains. Alors Donald Trump cherche aussi \u00e0 remodeler le reste du comit\u00e9 de la R\u00e9serve f\u00e9d\u00e9rale, afin d\u2019y placer des personnes davantage en phase avec sa vision de l\u2019\u00e9conomie. Il a ainsi r\u00e9cemment \u00e9largi ses cibles en r\u00e9clamant le d\u00e9part de la gouverneure Lisa Cook, accus\u00e9e par son camp d\u2019avoir falsifi\u00e9 des documents pour obtenir un pr\u00eat immobilier.<\/p>\n","protected":false},"excerpt":{"rendered":"Dans le bras de fer qui oppose le locataire de la Maison-Blanche \u00e0 la Banque centrale am\u00e9ricaine, la&hellip;\n","protected":false},"author":2,"featured_media":341946,"comment_status":"","ping_status":"","sticky":false,"template":"","format":"standard","meta":{"footnotes":""},"categories":[1589],"tags":[47,11,4779,11126,25440,75,33,73,1866,7512,74,12,555,1864,1865,1863,308,133],"class_list":{"0":"post-341945","1":"post","2":"type-post","3":"status-publish","4":"format-standard","5":"has-post-thumbnail","7":"category-etats-unis","8":"tag-actualite","9":"tag-actualites","10":"tag-banque-centrale","11":"tag-bce","12":"tag-christine-lagarde","13":"tag-donald-trump","14":"tag-economie","15":"tag-etats-unis","16":"tag-etats-unis-damerique","17":"tag-fed","18":"tag-monde","19":"tag-news","20":"tag-union-europeenne-ue","21":"tag-united-states","22":"tag-united-states-of-america","23":"tag-us","24":"tag-usa","25":"tag-video"},"share_on_mastodon":{"url":"https:\/\/pubeurope.com\/@fr\/115087320314934719","error":""},"_links":{"self":[{"href":"https:\/\/www.europesays.com\/fr\/wp-json\/wp\/v2\/posts\/341945","targetHints":{"allow":["GET"]}}],"collection":[{"href":"https:\/\/www.europesays.com\/fr\/wp-json\/wp\/v2\/posts"}],"about":[{"href":"https:\/\/www.europesays.com\/fr\/wp-json\/wp\/v2\/types\/post"}],"author":[{"embeddable":true,"href":"https:\/\/www.europesays.com\/fr\/wp-json\/wp\/v2\/users\/2"}],"replies":[{"embeddable":true,"href":"https:\/\/www.europesays.com\/fr\/wp-json\/wp\/v2\/comments?post=341945"}],"version-history":[{"count":0,"href":"https:\/\/www.europesays.com\/fr\/wp-json\/wp\/v2\/posts\/341945\/revisions"}],"wp:featuredmedia":[{"embeddable":true,"href":"https:\/\/www.europesays.com\/fr\/wp-json\/wp\/v2\/media\/341946"}],"wp:attachment":[{"href":"https:\/\/www.europesays.com\/fr\/wp-json\/wp\/v2\/media?parent=341945"}],"wp:term":[{"taxonomy":"category","embeddable":true,"href":"https:\/\/www.europesays.com\/fr\/wp-json\/wp\/v2\/categories?post=341945"},{"taxonomy":"post_tag","embeddable":true,"href":"https:\/\/www.europesays.com\/fr\/wp-json\/wp\/v2\/tags?post=341945"}],"curies":[{"name":"wp","href":"https:\/\/api.w.org\/{rel}","templated":true}]}}