{"id":341947,"date":"2025-08-25T03:38:39","date_gmt":"2025-08-25T03:38:39","guid":{"rendered":"https:\/\/www.europesays.com\/fr\/341947\/"},"modified":"2025-08-25T03:38:39","modified_gmt":"2025-08-25T03:38:39","slug":"sous-pression-des-manifestants-anti-immigration-le-gouvernement-britannique-promet-daccelerer-les-recours-des-demandeurs-dasile","status":"publish","type":"post","link":"https:\/\/www.europesays.com\/fr\/341947\/","title":{"rendered":"Sous pression des manifestants anti-immigration, le gouvernement britannique promet d\u2019acc\u00e9l\u00e9rer les recours des demandeurs d\u2019asile"},"content":{"rendered":"<p class=\"paragraph text_align_left lp-f-body-02\">Le gouvernement britannique a promis ce dimanche d\u2019acc\u00e9l\u00e9rer le traitement des proc\u00e9dures d\u2019appel des demandeurs d\u2019asile, en plein week-end de manifestations anti-<a href=\"https:\/\/www.leparisien.fr\/international\/royaume-uni\/royaume-uni-le-gouvernement-britannique-devoile-un-plan-radical-pour-reduire-limmigration-12-05-2025-AF3IHYJSBFFT3CTD6ICJL77GAM.php\" target=\"_self\" rel=\"nofollow noopener\">immigration<\/a> devant des h\u00f4tels utilis\u00e9s pour les h\u00e9berger dans plusieurs villes du Royaume-Uni.<\/p>\n<p class=\"paragraph text_align_left lp-f-body-02\">La ministre de l\u2019Int\u00e9rieur, Yvette Cooper, a d\u00e9clar\u00e9 dans un communiqu\u00e9 que les d\u00e9lais de traitement des appels \u00e9taient \u00ab totalement inacceptables \u00bb, et a annonc\u00e9 la cr\u00e9ation d\u2019un organisme ind\u00e9pendant pour seconder les tribunaux.<\/p>\n<p class=\"paragraph text_align_left lp-f-body-02\">Actuellement, quelque 51 000 appels de demandes d\u2019asile sont en attente d\u2019examen, avec plus d\u2019un an en moyenne avant le rendu d\u2019une d\u00e9cision, dit le gouvernement. Des mesures ont d\u00e9j\u00e0 \u00e9t\u00e9 prises pour acc\u00e9l\u00e9rer les d\u00e9cisions initiales, et les retards dans les proc\u00e9dures d\u2019appel sont d\u00e9sormais, selon lui, la cause principale d\u2019engorgement du syst\u00e8me migratoire, limitant le nombre d\u2019expulsions.<\/p>\n<p>Un nouveau d\u00e9lai l\u00e9gal<\/p>\n<p class=\"paragraph text_align_left lp-f-body-02\">Le nouvel organisme sera compos\u00e9 d\u2019\u00ab arbitres \u00bb ind\u00e9pendants, et l\u2019un des objectifs est d\u2019acc\u00e9l\u00e9rer le traitement des demandes de personnes issues de \u00ab pays s\u00fbrs \u00bb. Le gouvernement va \u00e9galement imposer aux tribunaux un d\u00e9lai l\u00e9gal de 24 semaines pour statuer sur les appels des demandeurs d\u2019asile h\u00e9berg\u00e9s par le gouvernement, et sur ceux des \u00ab d\u00e9linquants \u00e9trangers \u00bb.<\/p>\n<p class=\"paragraph text_align_left lp-f-body-02\">Yvette Cooper a r\u00e9affirm\u00e9 sa d\u00e9termination \u00e0 \u00ab r\u00e9duire consid\u00e9rablement le nombre de personnes dans le syst\u00e8me d\u2019asile (\u2026) pour mettre fin \u00e0 <a href=\"https:\/\/www.leparisien.fr\/international\/royaume-uni-des-hotels-pour-migrants-cibles-le-premier-ministre-promet-de-punir-les-emeutiers-05-08-2024-PTLQ3IXEINBAFHQJQUAX2DVNUM.php\" target=\"_self\" rel=\"nofollow noopener\">l\u2019utilisation d\u2019h\u00f4tels<\/a> pour les accueillir \u00bb, \u00e0 horizon 2029. Fin juin, 32 059 demandeurs d\u2019asile y \u00e9taient log\u00e9s, le gouvernement \u00e9tant oblig\u00e9 de leur fournir un h\u00e9bergement le temps de l\u2019examen de leur dossier.<\/p>\n<p class=\"paragraph text_align_left lp-f-body-02\">Ce dimanche apr\u00e8s-midi, des manifestants anti-immigration \u00e9taient r\u00e9unis devant l\u2019un de ces \u00e9tablissements \u00e0 Birmingham, tandis que la police \u00e9tait d\u00e9ploy\u00e9e devant un autre h\u00f4tel dans le quartier de Canary Wharf, \u00e0 Londres. Des rassemblements avaient d\u00e9j\u00e0 eu lieu vendredi et samedi devant plusieurs de ces lieux d\u2019h\u00e9bergements au Royaume-Uni.<\/p>\n<p class=\"paragraph text_align_left lp-f-body-02\">Des affrontements avec la police ou des contre-manifestants, venus d\u00e9fendre l\u2019accueil des demandeurs d\u2019asile, ont \u00e9clat\u00e9 \u00e0 Bristol, Liverpool, ou \u00e0 Horley dans le Surrey, avec au total une quinzaine d\u2019arrestations pour rixe ou agression.<\/p>\n<p>Epping, th\u00e9\u00e2tre de manifestations parfois violentes<\/p>\n<p class=\"paragraph text_align_left lp-f-body-02\">Depuis la mi-juillet, la ville d\u2019Epping, au nord de Londres, est l\u2019\u00e9picentre de manifestations r\u00e9guli\u00e8res et parfois violentes, <a href=\"https:\/\/www.leparisien.fr\/faits-divers\/le-royaume-uni-en-proie-a-de-violents-rassemblements-organises-par-des-mouvements-anti-immigration-03-08-2024-H4AY2FOJARCMNDVQWXLSOYPLFU.php\" target=\"_self\" rel=\"nofollow noopener\">comme le pays en avait connues l\u2019\u00e9t\u00e9 pass\u00e9<\/a>.<\/p>\n<p class=\"paragraph text_align_left lp-f-body-02\">Mardi, la Haute Cour de justice a ordonn\u00e9 \u00e0 un h\u00f4tel situ\u00e9 dans cette commune de cesser temporairement d\u2019h\u00e9berger des demandeurs d\u2019asile. Mais le gouvernement de <a href=\"https:\/\/www.leparisien.fr\/international\/israel\/guerre-a-gaza-le-royaume-uni-reconnaitra-letat-de-palestine-en-septembre-sauf-si-israel-prend-certains-engagements-29-07-2025-OHNAESK5X5DILMFH3IRYHTMKWE.php\" target=\"_self\" rel=\"nofollow noopener\">Keir Starmer<\/a> a fait appel de cette d\u00e9cision, qui pourrait faire des \u00e9mules dans le pays.<\/p>\n<p class=\"paragraph text_align_left lp-f-body-02\">Au Royaume-Uni, 111 084 personnes ont demand\u00e9 l\u2019asile sur la p\u00e9riode allant de juin 2024 \u00e0 juin 2025, soit une hausse de 14 % sur un an. Il s\u2019agit du chiffre le plus \u00e9lev\u00e9 sur 12 mois depuis le d\u00e9but des relev\u00e9s en 2001.<\/p>\n","protected":false},"excerpt":{"rendered":"Le gouvernement britannique a promis ce dimanche d\u2019acc\u00e9l\u00e9rer le traitement des proc\u00e9dures d\u2019appel des demandeurs d\u2019asile, en plein&hellip;\n","protected":false},"author":2,"featured_media":341948,"comment_status":"","ping_status":"","sticky":false,"template":"","format":"standard","meta":{"footnotes":""},"categories":[1588],"tags":[11,1777,674,14,12,473,1853,104,1851,1850,1852],"class_list":{"0":"post-341947","1":"post","2":"type-post","3":"status-publish","4":"format-standard","5":"has-post-thumbnail","7":"category-royaume-uni","8":"tag-actualites","9":"tag-eu","10":"tag-europe","11":"tag-international","12":"tag-news","13":"tag-royaume-uni","14":"tag-royaume-uni-de-grande-bretagne-et-dirlande-du-nord","15":"tag-societe","16":"tag-uk","17":"tag-united-kingdom","18":"tag-united-kingdom-of-great-britain-and-northern-ireland"},"share_on_mastodon":{"url":"https:\/\/pubeurope.com\/@fr\/115087324179679953","error":""},"_links":{"self":[{"href":"https:\/\/www.europesays.com\/fr\/wp-json\/wp\/v2\/posts\/341947","targetHints":{"allow":["GET"]}}],"collection":[{"href":"https:\/\/www.europesays.com\/fr\/wp-json\/wp\/v2\/posts"}],"about":[{"href":"https:\/\/www.europesays.com\/fr\/wp-json\/wp\/v2\/types\/post"}],"author":[{"embeddable":true,"href":"https:\/\/www.europesays.com\/fr\/wp-json\/wp\/v2\/users\/2"}],"replies":[{"embeddable":true,"href":"https:\/\/www.europesays.com\/fr\/wp-json\/wp\/v2\/comments?post=341947"}],"version-history":[{"count":0,"href":"https:\/\/www.europesays.com\/fr\/wp-json\/wp\/v2\/posts\/341947\/revisions"}],"wp:featuredmedia":[{"embeddable":true,"href":"https:\/\/www.europesays.com\/fr\/wp-json\/wp\/v2\/media\/341948"}],"wp:attachment":[{"href":"https:\/\/www.europesays.com\/fr\/wp-json\/wp\/v2\/media?parent=341947"}],"wp:term":[{"taxonomy":"category","embeddable":true,"href":"https:\/\/www.europesays.com\/fr\/wp-json\/wp\/v2\/categories?post=341947"},{"taxonomy":"post_tag","embeddable":true,"href":"https:\/\/www.europesays.com\/fr\/wp-json\/wp\/v2\/tags?post=341947"}],"curies":[{"name":"wp","href":"https:\/\/api.w.org\/{rel}","templated":true}]}}