{"id":34196,"date":"2025-04-18T13:50:15","date_gmt":"2025-04-18T13:50:15","guid":{"rendered":"https:\/\/www.europesays.com\/fr\/34196\/"},"modified":"2025-04-18T13:50:15","modified_gmt":"2025-04-18T13:50:15","slug":"ce-restaurant-bien-connu-place-stanislas-propose-un-menu-anti-crise-a-seulement-10-euros","status":"publish","type":"post","link":"https:\/\/www.europesays.com\/fr\/34196\/","title":{"rendered":"ce restaurant bien connu place Stanislas propose un menu \u00ab\u00a0anti-crise\u00a0\u00bb \u00e0 seulement 10 euros"},"content":{"rendered":"<p>            Par<br \/>\n        <strong><br \/>\n            <a href=\"https:\/\/actu.fr\/auteur\/pierre-emile-bouchy-actu-fr\" title=\"Consulter tous les articles de Paul-Emile Bouchy\" target=\"_blank\" rel=\"noopener\">Paul-Emile Bouchy<\/a><br \/>\n        <\/strong><\/p>\n<p>        Publi\u00e9 le<\/p>\n<p>            17 avr. 2025 \u00e0 13h18        <\/p>\n<p>Situ\u00e9 rue H\u00e9r\u00e9, \u00e0 quelques m\u00e8tres de la <a href=\"https:\/\/actu.fr\/tag\/place-stanislas\" target=\"_blank\" rel=\"noopener\">place Stanislas<\/a> \u00e0 <a href=\"https:\/\/actu.fr\/grand-est\/nancy_54395\" target=\"_blank\" rel=\"noopener\">Nancy<\/a>, le restaurant <strong>L\u2019Arrosoir<\/strong> est une table bien connue des habitants et des touristes.<\/p>\n<p class=\" wall-content\">Depuis le mois de mars, l\u2019\u00e9tablissement propose une nouvelle formule\u2009: <strong>un menu \u00ab\u2009anti-crise\u2009\u00bb <\/strong>comprenant une entr\u00e9e, un plat et un dessert <strong>pour seulement<\/strong> <strong>10\u00a0euros<\/strong>.<\/p>\n<p>Un menu pas cher avec vue sur la place Stanislas<\/p>\n<p class=\" wall-content\">Ce menu est <strong>servi chaque midi, du lundi au vendredi<\/strong>. \u00ab\u2009Il est renouvel\u00e9 chaque semaine et est compos\u00e9 de produits de saison. Tout est fait maison\u2009\u00bb, ajoute Marie-Odile Petel, cheffe de cuisine et associ\u00e9e du restaurant.<\/p>\n<p class=\" wall-content\">\u00c0 ce tarif, les quantit\u00e9s ne sont pas gargantuesques, mais sont bien proportionn\u00e9es. Pour avoir test\u00e9 la formule, on peut assurer que <strong>le rapport qualit\u00e9\/prix est au rendez-vous<\/strong>.<\/p>\n<p class=\" wall-content\">Il est aussi possible d\u2019opter uniquement pour la formule entr\u00e9e-plat ou plat-dessert \u00e0 8\u00a0euros.<\/p>\n<p>Vid\u00e9os : en ce moment sur Actu<\/p>\n<blockquote class=\"tiktok-embed\" cite=\"https:\/\/www.tiktok.com\/@lorraine.actu\/video\/7494211573574028566\" data-video-id=\"7494211573574028566\" data-embed-from=\"oembed\" style=\"max-width:605px; min-width:325px;\"><p>\n<a target=\"_blank\" title=\"@lorraine.actu\" href=\"https:\/\/www.tiktok.com\/@lorraine.actu?refer=embed\" rel=\"noopener\">@lorraine.actu<\/a> <\/p>\n<p>Depuis mi-mars, le restaurant L\u2019Arrosoir situ\u00e9 place Stanislas \u00e0 Nancy propose un menu anti-crise qui comprend une entr\u00e9e, un plat et un dessert. Cette formule \u00e0 10 euros est servie du lundi au vendredi, chaque midi. Le menu est renouvel\u00e9 chaque semaine. <a title=\"nancy\" target=\"_blank\" href=\"https:\/\/www.tiktok.com\/tag\/nancy?refer=embed\" rel=\"noopener\">#nancy<\/a> <a title=\"placestanislas\" target=\"_blank\" href=\"https:\/\/www.tiktok.com\/tag\/placestanislas?refer=embed\" rel=\"noopener\">#placestanislas<\/a> <a title=\"restaurant\" target=\"_blank\" href=\"https:\/\/www.tiktok.com\/tag\/restaurant?refer=embed\" rel=\"noopener\">#restaurant<\/a> <a title=\"anticrise\" target=\"_blank\" href=\"https:\/\/www.tiktok.com\/tag\/anticrise?refer=embed\" rel=\"noopener\">#anticrise<\/a> <a title=\"bonplan\" target=\"_blank\" href=\"https:\/\/www.tiktok.com\/tag\/bonplan?refer=embed\" rel=\"noopener\">#bonplan<\/a> <a title=\"bonplannancy\" target=\"_blank\" href=\"https:\/\/www.tiktok.com\/tag\/bonplannancy?refer=embed\" rel=\"noopener\">#bonplannancy<\/a> <a title=\"bonplanetudiant\" target=\"_blank\" href=\"https:\/\/www.tiktok.com\/tag\/bonplanetudiant?refer=embed\" rel=\"noopener\">#bonplanetudiant<\/a> <a title=\"lorraine\" target=\"_blank\" href=\"https:\/\/www.tiktok.com\/tag\/lorraine?refer=embed\" rel=\"noopener\">#lorraine<\/a> <\/p>\n<p> <a target=\"_blank\" title=\"\u266c What You Won&#039;t Do for Love - Bobby Caldwell\" href=\"https:\/\/www.tiktok.com\/music\/What-You-Won&#039;t-Do-for-Love-7055205517962004482?refer=embed\" rel=\"noopener\">\u266c What You Won\u2019t Do for Love \u2013 Bobby Caldwell<\/a> <\/p>\n<\/blockquote>\n<p>Un menu li\u00e9 \u00e0 une baisse de fr\u00e9quentation du restaurant le midi<\/p>\n<p class=\" wall-content\">En cr\u00e9ant ce menu, le restaurant a souhait\u00e9 r\u00e9pondre \u00e0 une probl\u00e9matique. \u00ab\u2009On avait moins de personnes le midi depuis la covid\u00a0et aussi en raison <a href=\"https:\/\/actu.fr\/grand-est\/nancy_54395\/pietonnisation-a-nancy-ces-rues-vont-se-transformer-dans-les-annees-a-venir_61114850.html\" target=\"_blank\" rel=\"noopener\">des travaux de pi\u00e9tonnisation<\/a>. Les gens sont moins motiv\u00e9s \u00e0 venir au centre-ville\u2009\u00bb, explique J\u00e9r\u00f4me Espiand, propri\u00e9taire de L\u2019Arrosoir.<\/p>\n<p class=\" wall-content\">Apr\u00e8s un mois, le pari semble r\u00e9ussi. \u00ab\u2009On a 30 \u00e0 40\u2009% de couverts suppl\u00e9mentaires le midi. <strong>Parmi eux, plus de la moiti\u00e9 prend le menu<\/strong>. Les clients se permettent aussi davantage de prendre un ap\u00e9ritif ou un caf\u00e9. <strong>On touche aussi une nouvelle client\u00e8le comme les \u00e9tudiants<\/strong>\u2009\u00bb, se r\u00e9jouit-il.<\/p>\n<p class=\" wall-content\">N\u00e9anmoins, le restaurant conserve toujours sa carte habituelle avec des plats ou encore des pizzas\u2009: \u00ab\u2009On ne veut pas devenir un bouillon. On propose une offre suppl\u00e9mentaire. Cela peut aussi donner envie aux gens de revenir le soir ou le week-end.\u2009\u00bb<\/p>\n<p class=\" wall-content\">Suivez toute l\u2019actualit\u00e9 de vos villes et m\u00e9dias favoris en vous inscrivant \u00e0 <a href=\"https:\/\/moncompte.actu.fr\" title=\"D\u00e9couvez Mon Actu\" rel=\"nofollow noopener\" data-trk=\"{&quot;cta&quot;:{&quot;action&quot;:&quot;https:\\\/\\\/moncompte.actu.fr&quot;,&quot;category&quot;:&quot;mon compte&quot;,&quot;from&quot;:&quot;article footer&quot;,&quot;name&quot;:&quot;Mon actu&quot;,&quot;type&quot;:&quot;cta&quot;}}\" target=\"_blank\">Mon Actu<\/a>.<\/p>\n<p>                    <script async src=\"\/\/www.tiktok.com\/embed.js\"><\/script><\/p>\n","protected":false},"excerpt":{"rendered":"Par Paul-Emile Bouchy Publi\u00e9 le 17 avr. 2025 \u00e0 13h18 Situ\u00e9 rue H\u00e9r\u00e9, \u00e0 quelques m\u00e8tres de la&hellip;\n","protected":false},"author":2,"featured_media":34197,"comment_status":"","ping_status":"","sticky":false,"template":"","format":"standard","meta":{"footnotes":""},"categories":[9635],"tags":[1111,11,11226,33,1777,674,1011,27,775,1702,12,9647,25,1340],"class_list":{"0":"post-34196","1":"post","2":"type-post","3":"status-publish","4":"format-standard","5":"has-post-thumbnail","7":"category-nancy","8":"tag-actu","9":"tag-actualites","10":"tag-bons-plans-a-nancy","11":"tag-economie","12":"tag-eu","13":"tag-europe","14":"tag-fr","15":"tag-france","16":"tag-grand-est","17":"tag-nancy","18":"tag-news","19":"tag-place-stanislas","20":"tag-republique-francaise","21":"tag-restaurant"},"share_on_mastodon":{"url":"https:\/\/pubeurope.com\/@fr\/114359292729173613","error":""},"_links":{"self":[{"href":"https:\/\/www.europesays.com\/fr\/wp-json\/wp\/v2\/posts\/34196","targetHints":{"allow":["GET"]}}],"collection":[{"href":"https:\/\/www.europesays.com\/fr\/wp-json\/wp\/v2\/posts"}],"about":[{"href":"https:\/\/www.europesays.com\/fr\/wp-json\/wp\/v2\/types\/post"}],"author":[{"embeddable":true,"href":"https:\/\/www.europesays.com\/fr\/wp-json\/wp\/v2\/users\/2"}],"replies":[{"embeddable":true,"href":"https:\/\/www.europesays.com\/fr\/wp-json\/wp\/v2\/comments?post=34196"}],"version-history":[{"count":0,"href":"https:\/\/www.europesays.com\/fr\/wp-json\/wp\/v2\/posts\/34196\/revisions"}],"wp:featuredmedia":[{"embeddable":true,"href":"https:\/\/www.europesays.com\/fr\/wp-json\/wp\/v2\/media\/34197"}],"wp:attachment":[{"href":"https:\/\/www.europesays.com\/fr\/wp-json\/wp\/v2\/media?parent=34196"}],"wp:term":[{"taxonomy":"category","embeddable":true,"href":"https:\/\/www.europesays.com\/fr\/wp-json\/wp\/v2\/categories?post=34196"},{"taxonomy":"post_tag","embeddable":true,"href":"https:\/\/www.europesays.com\/fr\/wp-json\/wp\/v2\/tags?post=34196"}],"curies":[{"name":"wp","href":"https:\/\/api.w.org\/{rel}","templated":true}]}}