{"id":341964,"date":"2025-08-25T03:49:10","date_gmt":"2025-08-25T03:49:10","guid":{"rendered":"https:\/\/www.europesays.com\/fr\/341964\/"},"modified":"2025-08-25T03:49:10","modified_gmt":"2025-08-25T03:49:10","slug":"daniil-medvedev-benjamin-bonzi-grand-chelem-us-open-premier-tour-lundi-25-aout-2025-lequipe","status":"publish","type":"post","link":"https:\/\/www.europesays.com\/fr\/341964\/","title":{"rendered":"Daniil Medvedev &#8211; Benjamin Bonzi, Grand Chelem, US Open, Premier tour, Lundi 25 ao\u00fbt 2025 &#8211; L&#039;\u00c9quipe"},"content":{"rendered":"<ol>\n<li><a href=\"https:\/\/news.google.com\/rss\/articles\/CBMiyAFBVV95cUxNeXl5eGxsMXJPMHZHNTluVFVaTDNBZHBCbHBjZU1PSC1hamJKMUZ1Y0JMZ1NtTUkxbXF2T1BQa25ZN1VUSk9Ld2l0aml5N0RQYUJuMFBrQWo4a2NSWklVUERDeklXaDhjTXBQWmxLckk2N1dGSy1PM2ctdXVHU3ZRbURENG5IcDBDb05TZXdHdlBrcVg4MXk4aFJoRi14cEs0a2NldjZjU2hPSHZkVFBhNE90TWlMNWRROUs2UlBCWV9SQ1lGaEtWLQ?oc=5\" target=\"_blank\" rel=\"nofollow noopener\">Daniil Medvedev &#8211; Benjamin Bonzi, Grand Chelem, US Open, Premier tour, Lundi 25 ao\u00fbt 2025<\/a>&nbsp;&nbsp;L&rsquo;\u00c9quipe<\/li>\n<li><a href=\"https:\/\/news.google.com\/rss\/articles\/CBMi7gFBVV95cUxNSlBiekNEbjdaVlRlQjBVX1k1d21CUi14LXk0cEZ6V2lrQ0NxbFlfdHk0RTFabTh2UndzVDBzMHBxRjJjS0N3Q2JGTUFUVlNYN2xJOGhQMnh4alZpU0s0ZHc5cUtkR2lSa0ktbjBqWHZkV3NjMzB2Vi1hOW1OSHEzTVhBZ3dHZUdZT3RsbWxrMlBpRFcxLVJHSzhmd2hvN0Y4Ri1TSVFTZDhLNjMxREw2ODQxWGhiaUVCOC1WMkZoSUktNW54akFMSmpienJVY3p1bjE5eTBQbGZXVngxZW82a0gweGpsY3REaW0wdUhB?oc=5\" target=\"_blank\" rel=\"nofollow noopener\">US Open. Humbert, Garcia, Bonzi\u2026 Le programme des Fran\u00e7ais du lundi 25 ao\u00fbt<\/a>&nbsp;&nbsp;Ouest-France<\/li>\n<li><a href=\"https:\/\/news.google.com\/rss\/articles\/CBMi3gFBVV95cUxNTDdvd3k0c1NockgwRVpjdGFBTGdyTEVISHVlbzhVeDJIc2FnTWdFQ01VeGhuYTNFbGZoVW41XzBQY3Y3V2htWTVxRjdKb3I0QkFqc2NraG4yRWw2bVBvblgteV9qMl9QWHNoNTBKZ1VHS184dlFMWndxNi1lendpUlEzTlM2c2dOYm1SV2hZcHV1M0NJN0ZGY2JCbDdNLUxNdVE0aG95ZjVHYzd2MWtRVkpNaXBQcVE1UXNDVjFFZFlLalM0bTFNM0N1eWVNaFNyMlJybkVRdm1TOXVJbUE?oc=5\" target=\"_blank\" rel=\"nofollow noopener\">Tennis : Daniil Medvedev n&rsquo;est pas du matin<\/a>&nbsp;&nbsp;Flashscore.fr<\/li>\n<li><a href=\"https:\/\/news.google.com\/rss\/articles\/CBMiwgJBVV95cUxNTXduQnZzWXVWR0hoMU5DSmNHUVRlRkNfU0w3NXBqaXlHMGRrdG9UemJkOXZzZUZ6M2FtRndEdElwN2dzbEc5MklhR19qbXlkcHpULVJxNjFDb05BVnVmZlZlak9FZkxqX0JRMll3bEFOdVd6YkVJdUdwcFFoYkkyYlR6cEpyT2FZWUhSM1k3Q0lWaUxnRTVQbmgzZGQ1em1mMGF1OTdTT0syMTRMMWpCcWJsUmhMMmRJLU1oYi1fVVFyalVRLURxOHNRZTZ5Uk9BWWtwNzNTUngtVjZoN04zdE9PTFA0dWFQQnAzNmFvNUgtVGxNTFoxS0dWZEpQa3doS2JqU0VXY1M1ZFJyd3dMdU92TkNwcWVrRjZPeEZwaHFUVlZwbVNnaUJHZXU0czloLW00ZmFIMWh1WmRaVzRHb0VB?oc=5\" target=\"_blank\" rel=\"nofollow noopener\">ATP &gt; Chesnokov, tr\u00e8s inquiet au sujet de Medvedev : \u00ab\u00a0Difficile de reconna\u00eetre Medvedev aujourd&rsquo;hui. Il jouait avec beaucoup de t\u00e9nacit\u00e9, de comp\u00e9tence et servait bien, mais maintenant, il n&rsquo;est plus \u00e0 la hauteur\u00a0\u00bb<\/a>&nbsp;&nbsp;We Love Tennis<\/li>\n<li><a href=\"https:\/\/news.google.com\/rss\/articles\/CBMipwFBVV95cUxQdUVCY0xoQVRXUTFzNjFWUVNKLV9xa1djV0dOMzlGODdXUzB6YThLdHdieGxzM3VQNld0UVVaWmVjWGlRVkhXLWhCbWxHd0cwUnBkdXQ3Q0U2eGNOMW1LZmJ1ZzZrZFYtMlJTOXo1M2N6UzVmbWJmbU9TSmVWSjdBbnJPSDhlcTJRODVVai14MU5TdzMzU1U1RmRjQ0NHcm4tVkxfb29vYw?oc=5\" target=\"_blank\" rel=\"nofollow noopener\">US Open: Les principaux matchs de demain<\/a>&nbsp;&nbsp;mosaiquefm.net<\/li>\n<\/ol>\n","protected":false},"excerpt":{"rendered":"Daniil Medvedev &#8211; Benjamin Bonzi, Grand Chelem, US Open, Premier tour, Lundi 25 ao\u00fbt 2025&nbsp;&nbsp;L&rsquo;\u00c9quipe US Open. Humbert,&hellip;\n","protected":false},"author":2,"featured_media":341965,"comment_status":"","ping_status":"","sticky":false,"template":"","format":"standard","meta":{"footnotes":""},"categories":[1415],"tags":[1011,27,60,1467],"class_list":{"0":"post-341964","1":"post","2":"type-post","3":"status-publish","4":"format-standard","5":"has-post-thumbnail","7":"category-tennis","8":"tag-fr","9":"tag-france","10":"tag-sports","11":"tag-tennis"},"share_on_mastodon":{"url":"https:\/\/pubeurope.com\/@fr\/115087367383302728","error":""},"_links":{"self":[{"href":"https:\/\/www.europesays.com\/fr\/wp-json\/wp\/v2\/posts\/341964","targetHints":{"allow":["GET"]}}],"collection":[{"href":"https:\/\/www.europesays.com\/fr\/wp-json\/wp\/v2\/posts"}],"about":[{"href":"https:\/\/www.europesays.com\/fr\/wp-json\/wp\/v2\/types\/post"}],"author":[{"embeddable":true,"href":"https:\/\/www.europesays.com\/fr\/wp-json\/wp\/v2\/users\/2"}],"replies":[{"embeddable":true,"href":"https:\/\/www.europesays.com\/fr\/wp-json\/wp\/v2\/comments?post=341964"}],"version-history":[{"count":0,"href":"https:\/\/www.europesays.com\/fr\/wp-json\/wp\/v2\/posts\/341964\/revisions"}],"wp:featuredmedia":[{"embeddable":true,"href":"https:\/\/www.europesays.com\/fr\/wp-json\/wp\/v2\/media\/341965"}],"wp:attachment":[{"href":"https:\/\/www.europesays.com\/fr\/wp-json\/wp\/v2\/media?parent=341964"}],"wp:term":[{"taxonomy":"category","embeddable":true,"href":"https:\/\/www.europesays.com\/fr\/wp-json\/wp\/v2\/categories?post=341964"},{"taxonomy":"post_tag","embeddable":true,"href":"https:\/\/www.europesays.com\/fr\/wp-json\/wp\/v2\/tags?post=341964"}],"curies":[{"name":"wp","href":"https:\/\/api.w.org\/{rel}","templated":true}]}}