{"id":341966,"date":"2025-08-25T03:51:18","date_gmt":"2025-08-25T03:51:18","guid":{"rendered":"https:\/\/www.europesays.com\/fr\/341966\/"},"modified":"2025-08-25T03:51:18","modified_gmt":"2025-08-25T03:51:18","slug":"cest-inadmissible-le-coup-de-gueule-de-fabio-quartararo","status":"publish","type":"post","link":"https:\/\/www.europesays.com\/fr\/341966\/","title":{"rendered":"\u00abC\u2019est inadmissible\u00bb&#8230; Le coup de gueule de Fabio Quartararo"},"content":{"rendered":"<p>15e ce dimanche lors du Grand Prix d\u2019Autriche, le Fran\u00e7ais n\u2019a pas cach\u00e9 son m\u00e9contentement et sa frustration apr\u00e8s la course.<\/p>\n<p class=\"fig-paragraph\">Un week-end en Autriche pour rien. Ou si peu. Tel est le constat \u00e9mis par Fabio Quartararo apr\u00e8s sa 15e place lors de la course dimanche. \u00ab Il n\u2019y a rien qui pourrait me redonner le sourire aujourd\u2019hui. Honn\u00eatement, je le savais et je m\u2019attendais d\u00e9j\u00e0 \u00e0 ce genre de course. Les autres ont fait un tr\u00e8s grand pas en avant, nous n\u2019avons rien fait du tout. Nous faisons tout pour comprendre exactement ce qu\u2019il s\u2019est pass\u00e9 sur ce trac\u00e9. Je n\u2019en retire aucun apprentissage, aucune sensation, c\u2019\u00e9tait presque inutile\u2026 Je n\u2019ai pas l\u2019impression de quitter l\u2019Autriche en ayant appris quelque chose.\u00a0\u00bb<\/p>\n<p class=\"fig-paragraph\">\u00abC\u2019est clairement mon pire week-end de l\u2019ann\u00e9e\u00bb, a-t-il ensuite poursuivi. \u00abLes seules motos que je peux d\u00e9passer sont les Yamaha. Il n\u2019y avait pas de potentiel d\u00e8s l\u2019entame du week-end et cela ne s\u2019est jamais am\u00e9lior\u00e9. Comment peut-on glisser en quatri\u00e8me dans la ligne droite\u00a0? C\u2019est la seule moto qui r\u00e9agit de cette fa\u00e7on. C\u2019est inadmissible\u2026\u00bb A voir si le trac\u00e9 hongrois, qui l\u2019attend d\u00e8s le week-end prochain, lui sourira davantage.<\/p>\n","protected":false},"excerpt":{"rendered":"15e ce dimanche lors du Grand Prix d\u2019Autriche, le Fran\u00e7ais n\u2019a pas cach\u00e9 son m\u00e9contentement et sa frustration&hellip;\n","protected":false},"author":2,"featured_media":341967,"comment_status":"","ping_status":"","sticky":false,"template":"","format":"standard","meta":{"footnotes":""},"categories":[1413],"tags":[1680,1011,27,1457,1456,60],"class_list":{"0":"post-341966","1":"post","2":"type-post","3":"status-publish","4":"format-standard","5":"has-post-thumbnail","7":"category-moto","8":"tag-fabio-quartararo","9":"tag-fr","10":"tag-france","11":"tag-moto","12":"tag-motocycle","13":"tag-sports"},"share_on_mastodon":{"url":"https:\/\/pubeurope.com\/@fr\/115087375388507090","error":""},"_links":{"self":[{"href":"https:\/\/www.europesays.com\/fr\/wp-json\/wp\/v2\/posts\/341966","targetHints":{"allow":["GET"]}}],"collection":[{"href":"https:\/\/www.europesays.com\/fr\/wp-json\/wp\/v2\/posts"}],"about":[{"href":"https:\/\/www.europesays.com\/fr\/wp-json\/wp\/v2\/types\/post"}],"author":[{"embeddable":true,"href":"https:\/\/www.europesays.com\/fr\/wp-json\/wp\/v2\/users\/2"}],"replies":[{"embeddable":true,"href":"https:\/\/www.europesays.com\/fr\/wp-json\/wp\/v2\/comments?post=341966"}],"version-history":[{"count":0,"href":"https:\/\/www.europesays.com\/fr\/wp-json\/wp\/v2\/posts\/341966\/revisions"}],"wp:featuredmedia":[{"embeddable":true,"href":"https:\/\/www.europesays.com\/fr\/wp-json\/wp\/v2\/media\/341967"}],"wp:attachment":[{"href":"https:\/\/www.europesays.com\/fr\/wp-json\/wp\/v2\/media?parent=341966"}],"wp:term":[{"taxonomy":"category","embeddable":true,"href":"https:\/\/www.europesays.com\/fr\/wp-json\/wp\/v2\/categories?post=341966"},{"taxonomy":"post_tag","embeddable":true,"href":"https:\/\/www.europesays.com\/fr\/wp-json\/wp\/v2\/tags?post=341966"}],"curies":[{"name":"wp","href":"https:\/\/api.w.org\/{rel}","templated":true}]}}