{"id":341970,"date":"2025-08-25T03:53:12","date_gmt":"2025-08-25T03:53:12","guid":{"rendered":"https:\/\/www.europesays.com\/fr\/341970\/"},"modified":"2025-08-25T03:53:12","modified_gmt":"2025-08-25T03:53:12","slug":"sud-gironde-cyclisme-eyob-haile-roi-de-la-route-du-soulor","status":"publish","type":"post","link":"https:\/\/www.europesays.com\/fr\/341970\/","title":{"rendered":"Sud Gironde \u2013 CYCLISME \u2014 \u2014 Eyob Haile roi de la Route du Soulor"},"content":{"rendered":"<p>&#13;<br \/>\n    &#13;<\/p>\n<p class=\"uk-article-meta\">Publi\u00e9 le 24 ao\u00fbt 2025 dans R\u00e9sultats<\/p>\n<p>&#13;<\/p>\n<p>D\u00e9ception quant \u00e0 la participation mais un beau vainqueur !<\/p>\n<p>&#13;<\/p>\n<p>DIMANCHE 24 AOUT 2025<br \/><strong>NAY (64), ROUTE DU SOULOR<\/strong><br \/><strong>ORGANISATION\u00a0<\/strong>: VC NAYAIS.<br \/><strong>CATEGORIES\u00a0<\/strong>: U19-U23.<\/p>\n<p>Avec une petite soixantaine de coureurs sur cette course se terminant au sommet du col du Soulor, Eric Lacaste, Matthieu Ladagnous avaient de quoi \u00eatre d\u00e9\u00e7us mais le calendrier des \u00e9preuves pour ces cat\u00e9gories \u00e9tait charg\u00e9 ce jour-l\u00e0.<\/p>\n<p><strong>R\u00e9sultats, photo, merci Eric Lacaste.<\/strong><\/p>\n<p class=\"has-pale-cyan-blue-background-color has-background has-medium-font-size\"><strong>Victoire  d\u2019Eyob Haile (Lescar VS).<\/strong><\/p>\n<p><img fetchpriority=\"high\" decoding=\"async\" width=\"1024\" height=\"768\" src=\"https:\/\/www.europesays.com\/fr\/wp-content\/uploads\/2025\/08\/IMG_4458-1024x768.jpg\" alt=\"\" class=\"wp-image-122279\"  \/><\/p>\n<p>Rg NOM Pr\u00e9nom Equipe Cat\u00e9gorie S\/Cat Cat Age<br \/>1 HAILE Eyob LESCAR VS Open 1 U23-4<br \/>2 MORANCHO Julien UV MAZAMET Open 2 U23-2<br \/>3 BOURDEJEAU Bastien BEZIERS-MEDITERRANEE CYCL Open 1 U23-3<br \/>4 DELABY Lucas G.M.C. 38 (EYBENS FORMATION) Open 1 U23-2<br \/>5 SAINT MARTIN Pierre AVC AIX EN PROVENCE Open 1 U23-3<br \/>6 HERNANDEZ REILHE Jan SC SERRES CASTET Open 1 U19-2<br \/>7 BOICHIS Paul AVC AIX EN PROVENCE Open 1 U23-2<br \/>8 MAGNOULON Lorik GSC BLAGNAC VELO SPORT 31 Open 1 U23-1<br \/>9 SASCO Xabi VC TARNOS Open 1 U23-1<br \/>10 DUFOURCQ Clement TEAM CORREZE SUCHET NOUVELLE AQUITAINE Open 1 U23-1<br \/>11 GALLO Aurelien UC ORTHEZIENNE Open 1 U23-4<br \/>12 RENOUT Clement PAU VELO 64 Open 3 U23-3<br \/>13 DESPEYROUX Florian UV AUCH GG Open 1 U23-4<br \/>14 BONALUMI Alban TARBES CYCLISTE COMPETITION Open 1 U23-2<br \/>15 LAFFITTE Bastian VC TARNOS Open 2 U19-1<br \/>16 CAPELLE Paul ST JUERY OLYMPIQUE Open 1 U23-1<br \/>17 PERE Tom TEAM U LH Open 2 U19-1<br \/>18 LOUSTAUNAU William PAU VELO 64 Open 3 U19-2<br \/>19 VIERGE Noa AVIRON BAYONNAIS Open 2 U23-1<br \/>20 DUBY Matthieu UC ARCACHON Open 1 U23-2<br \/>21 ROUX Damien UV AUCH GG Elite U23-2<br \/>22 BARBIER Lucas GSC BLAGNAC VELO SPORT 31 Open 2 U23-1<br \/>23 VILAIN COMMANAY Leo STADE MONTOIS CYCLISME Open 3 U23-2<br \/>24 POCZERNIN Mathias TARBES CYCLISTE COMPETITION Open 1 U19-2<br \/>25 CAPPE Mathis CC MARMANDAIS Open 2 U19-2<br \/>26 SOUVERBIE Rapha\u00ebl FC OLORON CYCLISME Open 3 U23-2<br \/>27 IRIGOYEN Baptiste AVIRON BAYONNAIS Open 3 U19-2<br \/>28 LIMOGES Corentin AC BAGNERES DE BIGORRE Open 3 U19-2<br \/>29 GOUANELLE Titouan PAU VELO 64 Open 3 U19-1<br \/>30 CHARBLEYTOU Matthis A.PO.GE CYCLISTE Open 3 U19-2<br \/>31 GRACIETTE Teo LESCAR VS Open 1 U23-1<br \/>32 HUCTEAU Victor CC PERIGUEUX DORDOGNE Open 1 U23-3<br \/>33 VERGEZ THEZE Iban GUIDON SAINT MARTINOIS Open 3 U19-1<br \/>34 RAMOND Alexis VC NAYAIS Open 3 U23-2<br \/>35 HINSINGER Erwan STADE MONTOIS CYCLISME Open 3 U19-1<br \/>36 FARGES CHAZAL Louis TULLE CYCLISME COMPETITION Open 3 U19-2<br \/>37 LARRE Johane AVIRON BAYONNAIS Open 3 U19-1<br \/>38 GALLARD Samuel AC BAGNERES DE BIGORRE Open 3 U23-1<br \/>39 VELTEN Kylian STADE MONTOIS CYCLISME Open 3 U19-1<br \/>40 LAFON Ethan TARBES CYCLISTE COMPETITION Open 3 U23-2<br \/>41 VLAMYNCK Tom UC ARCACHON Open 3 U19-1<br \/>42 CARDONNE Hugo GUIDON SAINT MARTINOIS Open 3 U19-1<br \/>43 DUPIN Mathieu STADE MONTOIS CYCLISME Open 1 U23-3<br \/>44 DUNY Arthur VC NAYAIS Open 3 U19-1<br \/>45 TURON LABAR Math\u00e9o COUSERANS CYCLISTE PYRENEES Open 2 U19-1<br \/>46 FONTANA Pac\u00f4me UV AUCH GG Open 3 U23-2<br \/>47 MARTY Paul VC NAYAIS Open 3 U23-1<\/p>\n<p>&#13;<\/p>\n","protected":false},"excerpt":{"rendered":"&#13; &#13; Publi\u00e9 le 24 ao\u00fbt 2025 dans R\u00e9sultats &#13; D\u00e9ception quant \u00e0 la participation mais un beau&hellip;\n","protected":false},"author":2,"featured_media":341971,"comment_status":"","ping_status":"","sticky":false,"template":"","format":"standard","meta":{"footnotes":""},"categories":[1411],"tags":[1154,207,1011,27,60],"class_list":{"0":"post-341970","1":"post","2":"type-post","3":"status-publish","4":"format-standard","5":"has-post-thumbnail","7":"category-cyclisme","8":"tag-cycling","9":"tag-cyclisme","10":"tag-fr","11":"tag-france","12":"tag-sports"},"share_on_mastodon":{"url":"https:\/\/pubeurope.com\/@fr\/115087383468284656","error":""},"_links":{"self":[{"href":"https:\/\/www.europesays.com\/fr\/wp-json\/wp\/v2\/posts\/341970","targetHints":{"allow":["GET"]}}],"collection":[{"href":"https:\/\/www.europesays.com\/fr\/wp-json\/wp\/v2\/posts"}],"about":[{"href":"https:\/\/www.europesays.com\/fr\/wp-json\/wp\/v2\/types\/post"}],"author":[{"embeddable":true,"href":"https:\/\/www.europesays.com\/fr\/wp-json\/wp\/v2\/users\/2"}],"replies":[{"embeddable":true,"href":"https:\/\/www.europesays.com\/fr\/wp-json\/wp\/v2\/comments?post=341970"}],"version-history":[{"count":0,"href":"https:\/\/www.europesays.com\/fr\/wp-json\/wp\/v2\/posts\/341970\/revisions"}],"wp:featuredmedia":[{"embeddable":true,"href":"https:\/\/www.europesays.com\/fr\/wp-json\/wp\/v2\/media\/341971"}],"wp:attachment":[{"href":"https:\/\/www.europesays.com\/fr\/wp-json\/wp\/v2\/media?parent=341970"}],"wp:term":[{"taxonomy":"category","embeddable":true,"href":"https:\/\/www.europesays.com\/fr\/wp-json\/wp\/v2\/categories?post=341970"},{"taxonomy":"post_tag","embeddable":true,"href":"https:\/\/www.europesays.com\/fr\/wp-json\/wp\/v2\/tags?post=341970"}],"curies":[{"name":"wp","href":"https:\/\/api.w.org\/{rel}","templated":true}]}}