{"id":341972,"date":"2025-08-25T03:54:09","date_gmt":"2025-08-25T03:54:09","guid":{"rendered":"https:\/\/www.europesays.com\/fr\/341972\/"},"modified":"2025-08-25T03:54:09","modified_gmt":"2025-08-25T03:54:09","slug":"quatre-transferts-sont-programmes-la-grande-annonce-du-paris-fc","status":"publish","type":"post","link":"https:\/\/www.europesays.com\/fr\/341972\/","title":{"rendered":"Quatre transferts sont programm\u00e9s, la grande annonce du Paris FC !"},"content":{"rendered":"<p>                    Hugo Chirossel<br \/>\n                        &#8211;<\/p>\n<p>Journaliste<\/p>\n<p>Passionn\u00e9 de football depuis le plus jeune \u00e2ge, devenir journaliste sportif est rapidement devenu une \u00e9vidence pour Hugo. Il se d\u00e9couvrira plus tard un amour pour la NBA, avant d\u2019explorer d\u2019autres horizons comme ceux de la Formule 1 et de la NFL.<\/p>\n<p class=\"heading\">Dans l\u2019\u00e9mission Bartoli Time sur RMC, Pierre Ferracci a \u00e9voqu\u00e9 la fin du mercato du Paris FC, annon\u00e7ant que trois, quatre recrues \u00e9taient esp\u00e9r\u00e9es, sans compter les d\u00e9parts. Le club de la capitale recherche notamment un lat\u00e9ral droit et veut \u00e9galement renforcer son milieu de terrain, ainsi que son attaque. <\/p>\n<p>Battu par <strong>Angers<\/strong> (1-0) et l\u2019<strong>OM<\/strong> (5-2) lors des deux premi\u00e8res journ\u00e9es de Ligue 1, le <strong>Paris FC<\/strong> compte encore \u00eatre actif d\u2019ici \u00e0 la fermeture du march\u00e9 des transferts. \u00ab Il nous manque encore des joueurs, deux ou trois recrues \u00bb, indiquait <a href=\"https:\/\/le10sport.com\/football\/ligue2\/paris-fc\/le-paris-fc-annonce-trois-transferts-un-mercato-de-folie-annonce-755421\" rel=\"nofollow noopener\" target=\"_blank\">St\u00e9phane Gilli<\/a> samedi, mais <strong>Pierre Ferracci<\/strong> a annonc\u00e9 que quatre joueurs pourraient arriver dans la derni\u00e8re ligne droite du mercato. <\/p>\n<p>                                            \u00ab Il y a trois, quatre recrutements \u00e0 faire cette semaine \u00bb<\/p>\n<p>\u00ab Il y a trois, quatre recrutements \u00e0 faire cette semaine et on est dessus d\u00e9j\u00e0 depuis plusieurs jours. \u00c7a va transformer la structure et la physionomie de l\u2019\u00e9quipe bien \u00e9videmment, et sa qualit\u00e9. Il y aura quelques d\u00e9parts puisqu\u2019il y a des joueurs qui voudront du temps de jeu et ils n\u2019en auront pas suffisamment chez nous \u00bb, a d\u00e9clar\u00e9 le pr\u00e9sident du<strong> Paris FC<\/strong> dans l\u2019\u00e9mission Bartoli Time sur RMC. <\/p>\n<p>                                            \u00ab On aura une \u00e9quipe satisfaisante pour une premi\u00e8re ann\u00e9e en Ligue 1 \u00bb<\/p>\n<p><strong>Pierre Ferracci <\/strong>a ajout\u00e9 : \u00ab On sait qu\u2019il nous manque un lat\u00e9ral droit. Hier (samedi) Chergui a d\u00e9pann\u00e9, comme il le fait depuis deux matchs et plut\u00f4t bien d\u2019ailleurs, mais c\u2019est un d\u00e9fenseur central ou un milieu de terrain. On va renforcer le milieu et puis il y a sans doute quelque chose \u00e0 faire encore devant, c\u2019est un peu dans toutes les lignes. Mais on est plut\u00f4t content du recrutement et avec ce qu\u2019on va compl\u00e9ter cette semaine, je crois qu\u2019on aura une \u00e9quipe satisfaisante pour une premi\u00e8re ann\u00e9e en Ligue 1. Pour viser quelque chose qui correspond \u00e0 nos ambitions futures, c&rsquo;est-\u00e0-dire se maintenir cette ann\u00e9e et ne pas trop trembler. \u00bb <\/p>\n","protected":false},"excerpt":{"rendered":"Hugo Chirossel &#8211; Journaliste Passionn\u00e9 de football depuis le plus jeune \u00e2ge, devenir journaliste sportif est rapidement devenu&hellip;\n","protected":false},"author":2,"featured_media":341973,"comment_status":"","ping_status":"","sticky":false,"template":"","format":"standard","meta":{"footnotes":""},"categories":[1410],"tags":[63,1011,27,60],"class_list":{"0":"post-341972","1":"post","2":"type-post","3":"status-publish","4":"format-standard","5":"has-post-thumbnail","7":"category-football","8":"tag-football","9":"tag-fr","10":"tag-france","11":"tag-sports"},"share_on_mastodon":{"url":"https:\/\/pubeurope.com\/@fr\/115087387132832292","error":""},"_links":{"self":[{"href":"https:\/\/www.europesays.com\/fr\/wp-json\/wp\/v2\/posts\/341972","targetHints":{"allow":["GET"]}}],"collection":[{"href":"https:\/\/www.europesays.com\/fr\/wp-json\/wp\/v2\/posts"}],"about":[{"href":"https:\/\/www.europesays.com\/fr\/wp-json\/wp\/v2\/types\/post"}],"author":[{"embeddable":true,"href":"https:\/\/www.europesays.com\/fr\/wp-json\/wp\/v2\/users\/2"}],"replies":[{"embeddable":true,"href":"https:\/\/www.europesays.com\/fr\/wp-json\/wp\/v2\/comments?post=341972"}],"version-history":[{"count":0,"href":"https:\/\/www.europesays.com\/fr\/wp-json\/wp\/v2\/posts\/341972\/revisions"}],"wp:featuredmedia":[{"embeddable":true,"href":"https:\/\/www.europesays.com\/fr\/wp-json\/wp\/v2\/media\/341973"}],"wp:attachment":[{"href":"https:\/\/www.europesays.com\/fr\/wp-json\/wp\/v2\/media?parent=341972"}],"wp:term":[{"taxonomy":"category","embeddable":true,"href":"https:\/\/www.europesays.com\/fr\/wp-json\/wp\/v2\/categories?post=341972"},{"taxonomy":"post_tag","embeddable":true,"href":"https:\/\/www.europesays.com\/fr\/wp-json\/wp\/v2\/tags?post=341972"}],"curies":[{"name":"wp","href":"https:\/\/api.w.org\/{rel}","templated":true}]}}