{"id":341974,"date":"2025-08-25T03:55:09","date_gmt":"2025-08-25T03:55:09","guid":{"rendered":"https:\/\/www.europesays.com\/fr\/341974\/"},"modified":"2025-08-25T03:55:09","modified_gmt":"2025-08-25T03:55:09","slug":"christophe-hondelatte-a-deja-subi-trois-interventions-en-20-ans-et-il-nest-toujours-pas-sorti-daffaire-je-devrais-me-faire-reoperer","status":"publish","type":"post","link":"https:\/\/www.europesays.com\/fr\/341974\/","title":{"rendered":"Christophe Hondelatte a d\u00e9j\u00e0 subi trois interventions en 20 ans et il n&rsquo;est toujours pas sorti d&rsquo;affaire : \u00ab\u00a0Je devrais me faire r\u00e9op\u00e9rer&#8230;\u00a0\u00bb"},"content":{"rendered":"<p>La suite apr\u00e8s la publicit\u00e9<\/p>\n<p>\u00c0 62 ans, <a href=\"https:\/\/www.purepeople.com\/people\/christophe-hondelatte_p563\" rel=\"nofollow noopener\" target=\"_blank\">Christophe Hondelatte<\/a> a su marquer les esprits dans le paysage m\u00e9diatique. Depuis 2016, son \u00e9mission <strong>Hondelatte raconte<\/strong><strong> <\/strong>passionne <a href=\"https:\/\/www.purepeople.com\/article\/video-xavier-dupont-de-ligonnes-christophe-hondelatte-pousse-un-coup-de-gueule-et-cite-lea-salame_a521333\/1\" rel=\"nofollow noopener\" target=\"_blank\">les amateurs de faits divers <\/a>sur Europe 1. Chaque jour, plus de 317 000 auditeurs le suivaient, et ses podcasts cumulaient pas moins de 10 millions d\u2019\u00e9coutes par mois. Alors forc\u00e9ment, la surprise a \u00e9t\u00e9 grande quand <a href=\"https:\/\/www.purepeople.com\/article\/apres-9-ans-a-lantenne-une-grande-figure-deurope-1-arrete-son-emission-malgre-les-bonnes-audiences-javais-besoin-de-quelque-chose-qui-mexcitait-plus_a541698\/1\" rel=\"nofollow noopener\" target=\"_blank\">la station de radio a d\u00e9voil\u00e9 sa grille de rentr\u00e9e 2025\u2026 sans l\u2019\u00e9mission.\u00a0<\/a><\/p>\n<p>Christophe Hondelatte brise le silence<\/p>\n<p>Interrog\u00e9 par Le Parisien ce samedo 23 ao\u00fbt, le journaliste a mis fin aux rumeurs : \u00ab\u00a0<strong>Nous l&rsquo;avons prise ensemble avec la direction d&rsquo;Europe 1<\/strong>. J&rsquo;avais d\u00e9cid\u00e9 de mettre un terme \u00e0 ma carri\u00e8re \u00e0 la radio \u00e0 court terme. Voil\u00e0 quarante-quatre ans que j&rsquo;y suis. Aujourd&rsquo;hui, \u00e7a me pla\u00eet beaucoup plus de faire du podcast que de la radio.\u00a0\u00bb, a-t-il d&rsquo;abord confi\u00e9.<\/p>\n<p>Pas question pour lui de raccrocher le micro, mais ce dernier pr\u00e9f\u00e8re d\u00e9sormais la souplesse du num\u00e9rique : \u00ab\u00a0<strong>Le podcast offre beaucoup de libert\u00e9<\/strong>. \u00c0 la radio, vous devez respecter le conducteur, la dur\u00e9e\u2026 Maintenant, je n\u2019aurai plus ces limites.\u00a0\u00bb, a-t-il ajout\u00e9.<\/p>\n<p>Celui qui n\u2019a jamais aim\u00e9 la routine l\u2019assume : il veut se r\u00e9inventer. \u00ab\u00a0Au bout de neuf ans sur Europe 1,<strong> j&rsquo;avais besoin de quelque chose qui m&rsquo;excitait plus<\/strong>\u00ab\u00a0, assure-t-il. Fid\u00e8le \u00e0 son temp\u00e9rament, Christophe Hondelatte balaie toute nostalgie : \u00ab\u00a0Quand j\u2019ai pris une d\u00e9cision, je n\u2019\u00e9prouve jamais aucun regret ensuite. Ce qui m\u2019importe, c\u2019est la prochaine.\u00a0\u00bb\u00a0<\/p>\n<p>Des soucis de voix r\u00e9currents mais pas \u00e0 l&rsquo;origine de son d\u00e9part<\/p>\n<p>Depuis deux d\u00e9cennies, Christophe Hondelatte surveille de pr\u00e8s un probl\u00e8me m\u00e9dical qui pourrait inqui\u00e9ter ses fans : <strong>un polype<\/strong> qui alt\u00e8re r\u00e9guli\u00e8rement sa voix. D\u00e9j\u00e0 en octobre 2024,<a href=\"https:\/\/www.purepeople.com\/article\/christophe-hondelatte-se-bat-depuis-20-ans-contre-un-souci-de-sante-un-combat-qu-il-ne-gagnera-jamais-il-revient_a528147\/1\" rel=\"nofollow noopener\" target=\"_blank\"> le journaliste confiait au Buzz TV de TV Mag <\/a>: \u00ab\u00a0Ma voix a chang\u00e9 quatorze fois. J\u2019ai des probl\u00e8mes de voix depuis vingt ans. J\u2019ai \u00e9t\u00e9 op\u00e9r\u00e9 trois fois d\u2019un polype et je devrais me faire r\u00e9op\u00e9rer un de ces quatre\u00a0\u00bb<\/p>\n<p>L&rsquo;homme de radio racontait m\u00eame avec une pointe d\u2019humour que sa voix variait en fonction de ce polype : \u00ab\u00a0Plus il est gros, plus la voix est belle\u2026 mais au bout d\u2019un moment, il devient inop\u00e9rant.\u00a0\u00bb Depuis, une quatri\u00e8me op\u00e9ration a eu lieu. Mais face au Parisien, il a tenu \u00e0 \u00eatre clair : \u00ab\u00a0<strong>J\u2019ai \u00e9t\u00e9 op\u00e9r\u00e9 quatre fois mais le polype revient r\u00e9guli\u00e8rement<\/strong>. [\u2026] Ce n\u2019est pas li\u00e9 \u00e0 ma d\u00e9cision.\u00a0\u00bb<\/p>\n<p>Sa voix,<a href=\"https:\/\/www.purepeople.com\/article\/lautre-vie-de-christophe-hondelatte-dans-sa-maison-de-bayonne-pas-de-cinema-pas-de-restaurants-mais_a532173\/1\" rel=\"nofollow noopener\" target=\"_blank\"> le journaliste r\u00e9sidant \u00e0 Bayonne<\/a> l\u2019entretient et la surveille tous les six mois. Pour lui, raconter reste une passion intacte : \u00ab\u00a0<strong>Avec le caract\u00e8re de merde que j\u2019ai, si ce n\u2019\u00e9tait pas le cas, j\u2019arr\u00eaterais imm\u00e9diatement<\/strong>.\u00a0\u00bb, a-t-il d\u00e9clar\u00e9 dans les colonnes du Parisien.<\/p>\n<p>Christophe Hondelatte continue avec ses podcasts et pr\u00e9pare la sc\u00e8ne<\/p>\n<p>Pas question de dispara\u00eetre. Christophe Hondelatte va continuer \u00e0 publier ses podcasts, mais \u00e0 son rythme. <strong>Trois \u00e9pisodes en une semaine<\/strong>, un seul la suivante, parfois courts, parfois tr\u00e8s longs\u2026 Une libert\u00e9 qu\u2019il savoure. D\u00e8s 2025, il pr\u00e9voit de monter sur sc\u00e8ne pour partager une grande histoire criminelle en direct avec le public.<\/p>\n<p><strong>Un nouveau chapitre <\/strong>s\u2019ouvre donc pour celui qui, depuis le JT de France 2 jusqu\u2019\u00e0 Faites entrer l\u2019accus\u00e9, a toujours su surprendre. Ce dernier conclut, <a href=\"https:\/\/www.purepeople.com\/article\/pris-a-partie-christophe-hondelatte-ne-mache-pas-ses-mots-cet-endroit-est-vraiment-devenu_a530479\/1\" rel=\"nofollow noopener\" target=\"_blank\">fid\u00e8le \u00e0 son franc-parler<\/a> : \u00ab\u00a0Je ne veux pas \u00eatre le dernier mec \u00e0 faire de la radio.\u00a0\u00bb<\/p>\n","protected":false},"excerpt":{"rendered":"La suite apr\u00e8s la publicit\u00e9 \u00c0 62 ans, Christophe Hondelatte a su marquer les esprits dans le paysage&hellip;\n","protected":false},"author":2,"featured_media":341975,"comment_status":"","ping_status":"","sticky":false,"template":"","format":"standard","meta":{"footnotes":""},"categories":[1359],"tags":[58,59,1011,27,973],"class_list":{"0":"post-341974","1":"post","2":"type-post","3":"status-publish","4":"format-standard","5":"has-post-thumbnail","7":"category-people","8":"tag-divertissement","9":"tag-entertainment","10":"tag-fr","11":"tag-france","12":"tag-people"},"share_on_mastodon":{"url":"https:\/\/pubeurope.com\/@fr\/115087391017326963","error":""},"_links":{"self":[{"href":"https:\/\/www.europesays.com\/fr\/wp-json\/wp\/v2\/posts\/341974","targetHints":{"allow":["GET"]}}],"collection":[{"href":"https:\/\/www.europesays.com\/fr\/wp-json\/wp\/v2\/posts"}],"about":[{"href":"https:\/\/www.europesays.com\/fr\/wp-json\/wp\/v2\/types\/post"}],"author":[{"embeddable":true,"href":"https:\/\/www.europesays.com\/fr\/wp-json\/wp\/v2\/users\/2"}],"replies":[{"embeddable":true,"href":"https:\/\/www.europesays.com\/fr\/wp-json\/wp\/v2\/comments?post=341974"}],"version-history":[{"count":0,"href":"https:\/\/www.europesays.com\/fr\/wp-json\/wp\/v2\/posts\/341974\/revisions"}],"wp:featuredmedia":[{"embeddable":true,"href":"https:\/\/www.europesays.com\/fr\/wp-json\/wp\/v2\/media\/341975"}],"wp:attachment":[{"href":"https:\/\/www.europesays.com\/fr\/wp-json\/wp\/v2\/media?parent=341974"}],"wp:term":[{"taxonomy":"category","embeddable":true,"href":"https:\/\/www.europesays.com\/fr\/wp-json\/wp\/v2\/categories?post=341974"},{"taxonomy":"post_tag","embeddable":true,"href":"https:\/\/www.europesays.com\/fr\/wp-json\/wp\/v2\/tags?post=341974"}],"curies":[{"name":"wp","href":"https:\/\/api.w.org\/{rel}","templated":true}]}}