{"id":341980,"date":"2025-08-25T03:58:12","date_gmt":"2025-08-25T03:58:12","guid":{"rendered":"https:\/\/www.europesays.com\/fr\/341980\/"},"modified":"2025-08-25T03:58:12","modified_gmt":"2025-08-25T03:58:12","slug":"les-noms-des-quatre-chroniqueurs-de-mohamed-bouhafsi-d","status":"publish","type":"post","link":"https:\/\/www.europesays.com\/fr\/341980\/","title":{"rendered":"les noms des quatre chroniqueurs de Mohamed Bouhafsi d &#8230;"},"content":{"rendered":"<p>EN BREF<\/p>\n<ul class=\"bloc_resume_post_list\">\n<li>Aur\u00e9lie Casse quitte C l\u2019hebdo sur France 5, remplac\u00e9e<br \/>\npar C \u00e0 vous avec Anne-Elisabeth Lemoine d\u00e8s la<br \/>\nrentr\u00e9e.<\/li>\n<li>Mohamed Bouhafsi devient co-pr\u00e9sentateur de C \u00e0 vous les<br \/>\nvendredis et samedis, succ\u00e9dant \u00e0 son r\u00f4le de<br \/>\nchroniqueur.<\/li>\n<li>L\u00a0\u00bbarriv\u00e9e de quatre nouveaux chroniqueurs promet une<br \/>\ndynamique renouvel\u00e9e pour l&rsquo;\u00e9mission phare de France 5.<\/li>\n<\/ul>\n<p>Cette rentr\u00e9e est sous le signe du changement sur France<br \/>\n5. Apr\u00e8s tout, l\u2019\u00e9mission <strong>C l\u2019hebdo<\/strong><br \/>\nd\u2019<a href=\"https:\/\/www.telestar.fr\/actu_tv\/c-lhebdo-sarrete-sur-france-5-aurelie-casse-rejoint-lequipe-dune-emission-tres-connue-1730262\" rel=\"nofollow noopener\" target=\"_blank\">Aur\u00e9lie<br \/>\nCasse<\/a> ne figure plus dans la grille de la cha\u00eene. A la place,<br \/>\nc\u2019est l\u2019\u00e9mission <a href=\"https:\/\/www.telestar.fr\/actu_tv\/alain-duhamel-proche-de-son-neveu-ses-etonnantes-revelations-sur-sa-relation-avec-benjamin-duhamel-1730831\" rel=\"nofollow noopener\" target=\"_blank\"><br \/>\nC \u00e0 vous<\/a> qui sera mise \u00e0 l\u2019honneur. Un changement de<br \/>\nformule donc pour l\u2019\u00e9mission pr\u00e9sent\u00e9e par <strong>Anne-Elisabeth<br \/>\nLemoine<\/strong> qui sera diffus\u00e9e du lundi au samedi \u00e0 la m\u00eame<br \/>\nheure.<\/p>\n<p>Seulement, Anne-Elisabeth Lemoine ne sera plus la seule<br \/>\npr\u00e9sentatrice. En effet, <a href=\"https:\/\/www.telestar.fr\/actu_tv\/mohamed-bouhafsi-promu-dans-c-a-vous-il-prend-une-enorme-decision-pour-sa-carriere-1729973\" rel=\"nofollow noopener\" target=\"_blank\"><br \/>\nMohamed Bouhafsi<\/a> sera aux manettes 2 fois par semaine,<br \/>\n<strong>les vendredis et samedis<\/strong>. Une situation qui n\u2019a<br \/>\npas manqu\u00e9 d\u2019enchanter le journaliste de 33 ans. \u00ab\u00a0Comme je le<br \/>\ndisais en 2020, C \u00e0 vous est mon \u00e9mission pr\u00e9f\u00e9r\u00e9e \u00e0 la<br \/>\nt\u00e9l\u00e9vision. Alors aujourd\u2019hui, vous imaginez mon \u00e9motion\u2026 \u00c0 partir<br \/>\nde la rentr\u00e9e, j\u2019aurai l\u2019immense <strong>honneur de<br \/>\npr\u00e9senter C \u00e0 vous<\/strong> chaque vendredi et samedi sur<br \/>\nFrance 5&Prime;, avait-il annonc\u00e9 sur Instagram, le 16 juillet<br \/>\ndernier.<\/p>\n<p>C \u00e0 vous : les 4 chroniqueurs de Mohamed Bouhafsi !<\/p>\n<p>Fier et surtout rempli d\u2019\u00e9motions, <strong>Mohamed<br \/>\nBouhafsi<\/strong> avait superbement bien d\u00e9crit cette situation sur<br \/>\nson compte : \u00ab\u00a0Hier chroniqueur, <a href=\"https:\/\/www.telestar.fr\/actu_tv\/c-a-vous-mohamed-bouhafsi-remplace-anne-elisabeth-lemoine-hier-chroniqueur-1731877\" rel=\"nofollow noopener\" target=\"_blank\"><br \/>\naujourd\u2019hui pr\u00e9sentateur<\/a>\u2026\u00a0\u00bb. Ce nouveau d\u00e9fi,<br \/>\nl\u2019ancien chroniqueur d\u2019<a href=\"https:\/\/www.closermag.fr\/tv_tele_realite\/c-a-vous-anne-elisabeth-lemoine-prend-une-decision-choc-et-ca-arrange-bien-les-affaires-de-ce-chroniqueur-star-3560827\" rel=\"nofollow noopener\" target=\"_blank\">Anne-Elisabeth<br \/>\nLemoine<\/a> le rel\u00e8vera avec 4 nouveaux chroniqueurs. Avec son<br \/>\nnouveau r\u00f4le, le journaliste a d\u00fb monter une \u00e9quipe. En outre, sa<br \/>\nplace de chroniqueur a \u00e9t\u00e9 reprise par <strong>Louis Amar<\/strong>,<br \/>\nselon Le Parisien.<\/p>\n<p>Une partie de C l\u2019hebdo rejoint donc <strong>C \u00e0<br \/>\nvous<\/strong> ! Concernant les 4 nouveaux chroniqueurs, il<br \/>\ns\u2019agit notamment de <strong>Paul Larrouturou<\/strong>,<br \/>\n<strong>Amandine B\u00e9got<\/strong>, <strong>Ya\u00ebl Goosz<\/strong> et<br \/>\n<strong>\u00c9glantine Emey\u00e9<\/strong>. Une belle affiche qu\u2019on a h\u00e2te de<br \/>\nretrouver \u00e0 la rentr\u00e9e.<\/p>\n<blockquote class=\"twitter-tweet\"><p><a class=\"twitter-link\" rel=\"noindex, nofollow noopener\" href=\"https:\/\/twitter.com\/ChBrunelle\/status\/1952656584078758039\" target=\"_blank\"><\/p><\/blockquote>\n<p>Mohamed Bouhafsi : adieu RTL, bonjour C<br \/>\n\u00e0 vous !<\/p>\n<p><strong>Mohamed Bouhafsi<\/strong> est pleinement conscient que<br \/>\nson nouveau r\u00f4le dans <strong>C \u00e0 vous<\/strong> vient avec<br \/>\nson lot de contraintes. D\u2019ailleurs, le 6 juillet dernier, il a fait<br \/>\nses <strong>adieux \u00e0 RTL<\/strong> afin de pouvoir<br \/>\npleinement se focaliser sur <a href=\"https:\/\/www.telestar.fr\/actu_tv\/c-a-vous-anne-elisabeth-lemoine-et-marine-star-academy-visees-par-une-plainte-apres-des-propos-insultants-1729750\" rel=\"nofollow noopener\" target=\"_blank\"><br \/>\nl\u2019\u00e9mission de France 5<\/a>. \u00ab\u00a0Aujourd\u2019hui, c\u2019\u00e9tait la<br \/>\nderni\u00e8re de Focus dimanche sur RTL pour moi. Pendant plus de trois<br \/>\nans, j\u2019ai \u00e9t\u00e9 heureux de vous accompagner chaque dimanche\u00a0\u00bb,<br \/>\navait-il annonc\u00e9.<\/p>\n<p>Avec de l\u2019\u00e9motion, Mohamed Bouhafsi avait ajout\u00e9 : \u00ab\u00a0J\u2019ai \u00e9t\u00e9<br \/>\nfier de donner la parole \u00e0 des centaines de Fran\u00e7aises et de<br \/>\nFran\u00e7ais, venus de tous les horizons\u00a0\u00bb. Une rentr\u00e9e pas comme<br \/>\nles autres attend le journaliste\u2026<\/p>\n<p><script async src=\"https:\/\/platform.twitter.com\/widgets.js\" charset=\"utf-8\"><\/script><\/p>\n","protected":false},"excerpt":{"rendered":"EN BREF Aur\u00e9lie Casse quitte C l\u2019hebdo sur France 5, remplac\u00e9e par C \u00e0 vous avec Anne-Elisabeth Lemoine&hellip;\n","protected":false},"author":2,"featured_media":341981,"comment_status":"","ping_status":"","sticky":false,"template":"","format":"standard","meta":{"footnotes":""},"categories":[1356],"tags":[548,5632,58,59,1011,27,252,1364],"class_list":{"0":"post-341980","1":"post","2":"type-post","3":"status-publish","4":"format-standard","5":"has-post-thumbnail","7":"category-television","8":"tag-article-simple","9":"tag-c-a-vous","10":"tag-divertissement","11":"tag-entertainment","12":"tag-fr","13":"tag-france","14":"tag-television","15":"tag-tv"},"share_on_mastodon":{"url":"https:\/\/pubeurope.com\/@fr\/115087402911041569","error":""},"_links":{"self":[{"href":"https:\/\/www.europesays.com\/fr\/wp-json\/wp\/v2\/posts\/341980","targetHints":{"allow":["GET"]}}],"collection":[{"href":"https:\/\/www.europesays.com\/fr\/wp-json\/wp\/v2\/posts"}],"about":[{"href":"https:\/\/www.europesays.com\/fr\/wp-json\/wp\/v2\/types\/post"}],"author":[{"embeddable":true,"href":"https:\/\/www.europesays.com\/fr\/wp-json\/wp\/v2\/users\/2"}],"replies":[{"embeddable":true,"href":"https:\/\/www.europesays.com\/fr\/wp-json\/wp\/v2\/comments?post=341980"}],"version-history":[{"count":0,"href":"https:\/\/www.europesays.com\/fr\/wp-json\/wp\/v2\/posts\/341980\/revisions"}],"wp:featuredmedia":[{"embeddable":true,"href":"https:\/\/www.europesays.com\/fr\/wp-json\/wp\/v2\/media\/341981"}],"wp:attachment":[{"href":"https:\/\/www.europesays.com\/fr\/wp-json\/wp\/v2\/media?parent=341980"}],"wp:term":[{"taxonomy":"category","embeddable":true,"href":"https:\/\/www.europesays.com\/fr\/wp-json\/wp\/v2\/categories?post=341980"},{"taxonomy":"post_tag","embeddable":true,"href":"https:\/\/www.europesays.com\/fr\/wp-json\/wp\/v2\/tags?post=341980"}],"curies":[{"name":"wp","href":"https:\/\/api.w.org\/{rel}","templated":true}]}}