{"id":341982,"date":"2025-08-25T03:59:15","date_gmt":"2025-08-25T03:59:15","guid":{"rendered":"https:\/\/www.europesays.com\/fr\/341982\/"},"modified":"2025-08-25T03:59:15","modified_gmt":"2025-08-25T03:59:15","slug":"michel-polnareff-transparent-sur-son-enfance-avec-un-pere-brutal-jai-ete-eleve-de-facon-dure","status":"publish","type":"post","link":"https:\/\/www.europesays.com\/fr\/341982\/","title":{"rendered":"Michel Polnareff transparent sur son enfance avec un p\u00e8re brutal, \u00ab\u00a0J&rsquo;ai \u00e9t\u00e9 \u00e9lev\u00e9 de fa\u00e7on dure\u00a0\u00bb"},"content":{"rendered":"<p>Impossible d\u2019\u00e9voquer la sc\u00e8ne musicale fran\u00e7aise sans penser \u00e0<br \/>\n<strong>Michel Polnareff<\/strong>. Depuis ses d\u00e9buts, il bouscule<br \/>\nles codes avec une audace artistique qui s\u00e9duit autant qu\u2019elle<br \/>\nintrigue. Sa carri\u00e8re d\u00e9colle d\u00e8s les premi\u00e8res notes de La<br \/>\npoup\u00e9e qui fait non, un titre qui devient rapidement<br \/>\nembl\u00e9matique et ouvre la voie \u00e0 une s\u00e9rie de succ\u00e8s inoubliables.<br \/>\nAu fil des d\u00e9cennies, il encha\u00eene des chansons devenues<br \/>\nintemporelles comme Love Me Please Love Me, On ira<br \/>\ntous au paradis ou encore Goodbye Marylou. Ce<br \/>\nparcours exceptionnel ne s\u2019essouffle pas avec le temps puisque, \u00e0<br \/>\n80 ans, <strong>l\u2019artiste continue d\u2019enflammer le c\u0153ur de ses<br \/>\nadmirateurs<\/strong> et de prouver que sa musique traverse les<br \/>\ng\u00e9n\u00e9rations sans perdre une once de sa force.<\/p>\n<p>Michel Polnareff encore vigoureux !<\/p>\n<p>L\u2019ic\u00f4ne de la chanson fran\u00e7aise n\u2019a jamais cess\u00e9 de surprendre<br \/>\nson public. Ses concerts r\u00e9cents, regroup\u00e9s sous le nom de<br \/>\n\u201cDerni\u00e8re tourn\u00e9e\u201d, ont fait croire \u00e0 certains que<br \/>\nl\u2019artiste tournait la page. Pourtant, Michel Polnareff a vite<br \/>\nrectifi\u00e9 le tir en d\u00e9clarant avec humour : \u201cJe n\u2019ai jamais<br \/>\nannonc\u00e9 \u00e7a. Ces mots ne sont pas de moi. J\u2019esp\u00e8re que ce n\u2019est pas<br \/>\nmon ultime album. L\u2019imprimeur a fait une erreur. La tourn\u00e9e,<br \/>\npareil, c\u2019est la \u00ab\u00a0derri\u00e8re&rsquo;, pas la derni\u00e8re\u201d. De quoi<br \/>\nrassurer <strong>ceux qui redoutaient ses adieux \u00e0 la<br \/>\nsc\u00e8ne<\/strong>.<\/p>\n<p>Toujours anim\u00e9 par la m\u00eame \u00e9nergie cr\u00e9ative, le chanteur,<br \/>\n<a href=\"https:\/\/www.melty.fr\/people\/michel-polnareff-devoile-son-fantasme-surprenant-et-confesse-pourquoi-je-fais-ca-2232333.html\" rel=\"nofollow noopener\" target=\"_blank\"><br \/>\nqui s&rsquo;\u00e9tait livr\u00e9 sans filtre sur son fantasme<\/a>, a prouv\u00e9 qu\u2019il<br \/>\nne comptait pas s\u2019arr\u00eater en sortant un nouvel album, Un temps<br \/>\npour elle. Ce projet, empreint d\u2019\u00e9motion, rend hommage aux<br \/>\nfemmes et confirme que, m\u00eame apr\u00e8s tant d\u2019ann\u00e9es, <strong>l&rsquo;homme<br \/>\naux lunettes blanches et noires<\/strong> continue de faire vibrer<br \/>\nson art avec sinc\u00e9rit\u00e9 et intensit\u00e9.<\/p>\n<p>Une enfance marqu\u00e9e par la brutalit\u00e9<\/p>\n<p>Avant d\u2019atteindre la gloire, Michel Polnareff a d\u00fb composer avec<br \/>\nune enfance marqu\u00e9e par la duret\u00e9. Comme il l\u2019a confi\u00e9 au micro de<br \/>\nFrance Info, \u201cJ&rsquo;ai \u00e9t\u00e9 \u00e9lev\u00e9 de fa\u00e7on dure, avec huit<br \/>\n\u00e0 dix heures de piano par jour et en train d&rsquo;\u00e9tudier les<br \/>\ncompositions des autres\u201d. <strong>Les coups de son p\u00e8re<br \/>\nvenaient sanctionner la moindre fausse note<\/strong>. Cette<br \/>\npression permanente l\u2019a finalement pouss\u00e9 \u00e0 prendre son destin en<br \/>\nmain. \u00c0 18 ans, il s\u2019\u00e9chappe du cadre familial, s\u2019offre une guitare<br \/>\net, avec seulement trois accords appris, donne naissance \u00e0 La<br \/>\npoup\u00e9e qui fait non, un titre qui traversera les<br \/>\nfronti\u00e8res.<\/p>\n<p>Aujourd\u2019hui, le c\u00e9l\u00e8bre octog\u00e9naire regarde son pass\u00e9 avec plus<br \/>\nde recul. S\u2019il a longtemps souffert de cette \u00e9ducation s\u00e9v\u00e8re, il a<br \/>\nchoisi de pardonner. Il l\u2019explique en \u00e9voquant son fils<br \/>\n<strong>Louka<\/strong> : lorsqu\u2019il se demande comment r\u00e9agir dans<br \/>\nune situation donn\u00e9e, il pense \u00e0 ce que son p\u00e8re aurait fait, puis<br \/>\nchoisit de faire l\u2019inverse. Pourtant, malgr\u00e9 les blessures,<br \/>\nl&rsquo;artiste reconna\u00eet aussi ce que son p\u00e8re lui a transmis. Comme il<br \/>\nle dit avec sinc\u00e9rit\u00e9, \u201cIl m&rsquo;a quand m\u00eame amen\u00e9 la musique et,<br \/>\nquelque part, je suis reconnaissant\u201d.<\/p>\n<p>Michel Polnareff ultra cash quant \u00e0 sa<br \/>\nmort<\/p>\n<p>En mai dernier, dans les colonnes de Gala, Michel<br \/>\nPolnareff s\u2019est laiss\u00e9 aller \u00e0 des confidences intimes autour de<br \/>\nl<strong>a question de sa disparition<\/strong>. Install\u00e9 depuis<br \/>\nlongtemps \u00e0 Palm Springs, en Californie, il conserve toutefois un<br \/>\nprofond attachement \u00e0 la France. Interrog\u00e9 sur le lieu o\u00f9 il<br \/>\nsouhaiterait reposer un jour, il a r\u00e9pondu avec franchise : \u00ab<br \/>\nJe ne sais pas. Peut-\u00eatre ni l\u2019un ni l\u2019autre, je n\u2019y ai encore<br \/>\njamais r\u00e9fl\u00e9chi \u00bb. Un aveu qui traduit l\u2019incertitude de<br \/>\nl\u2019artiste, partag\u00e9 entre deux univers qui ont marqu\u00e9 sa vie.<\/p>\n<p>En revanche, l&rsquo;artiste, <a href=\"https:\/\/www.melty.fr\/people\/michel-polnareff-filme-sans-ses-lunettes-les-internautes-en-folie-le-pauvre-2224371.html\" rel=\"nofollow noopener\" target=\"_blank\"><br \/>\nqui ne retire presque jamais ses lunettes<\/a>, ne laisse aucun<br \/>\ndoute sur l\u2019image qu\u2019il veut graver dans la m\u00e9moire de ses<br \/>\nadmirateurs. Contrairement \u00e0 <strong>Jacques Brel<\/strong>, qui<br \/>\nsouhaitait que son d\u00e9part s\u2019accompagne de rires et de danse, lui<br \/>\nassume une volont\u00e9 toute autre : \u00ab Moi, je veux qu\u2019on pleure.<br \/>\nEt qu\u2019on me regrette \u00bb. Derri\u00e8re ces mots se dessine un<br \/>\nartiste qui, m\u00eame au cr\u00e9puscule de sa vie, d\u00e9sire encore provoquer<br \/>\nune \u00e9motion sinc\u00e8re et laisser une trace ind\u00e9l\u00e9bile.<\/p>\n","protected":false},"excerpt":{"rendered":"Impossible d\u2019\u00e9voquer la sc\u00e8ne musicale fran\u00e7aise sans penser \u00e0 Michel Polnareff. Depuis ses d\u00e9buts, il bouscule les codes&hellip;\n","protected":false},"author":2,"featured_media":341983,"comment_status":"","ping_status":"","sticky":false,"template":"","format":"standard","meta":{"footnotes":""},"categories":[1355],"tags":[58,59,1011,27,1361,873],"class_list":{"0":"post-341982","1":"post","2":"type-post","3":"status-publish","4":"format-standard","5":"has-post-thumbnail","7":"category-musique","8":"tag-divertissement","9":"tag-entertainment","10":"tag-fr","11":"tag-france","12":"tag-music","13":"tag-musique"},"share_on_mastodon":{"url":"https:\/\/pubeurope.com\/@fr\/115087406705435784","error":""},"_links":{"self":[{"href":"https:\/\/www.europesays.com\/fr\/wp-json\/wp\/v2\/posts\/341982","targetHints":{"allow":["GET"]}}],"collection":[{"href":"https:\/\/www.europesays.com\/fr\/wp-json\/wp\/v2\/posts"}],"about":[{"href":"https:\/\/www.europesays.com\/fr\/wp-json\/wp\/v2\/types\/post"}],"author":[{"embeddable":true,"href":"https:\/\/www.europesays.com\/fr\/wp-json\/wp\/v2\/users\/2"}],"replies":[{"embeddable":true,"href":"https:\/\/www.europesays.com\/fr\/wp-json\/wp\/v2\/comments?post=341982"}],"version-history":[{"count":0,"href":"https:\/\/www.europesays.com\/fr\/wp-json\/wp\/v2\/posts\/341982\/revisions"}],"wp:featuredmedia":[{"embeddable":true,"href":"https:\/\/www.europesays.com\/fr\/wp-json\/wp\/v2\/media\/341983"}],"wp:attachment":[{"href":"https:\/\/www.europesays.com\/fr\/wp-json\/wp\/v2\/media?parent=341982"}],"wp:term":[{"taxonomy":"category","embeddable":true,"href":"https:\/\/www.europesays.com\/fr\/wp-json\/wp\/v2\/categories?post=341982"},{"taxonomy":"post_tag","embeddable":true,"href":"https:\/\/www.europesays.com\/fr\/wp-json\/wp\/v2\/tags?post=341982"}],"curies":[{"name":"wp","href":"https:\/\/api.w.org\/{rel}","templated":true}]}}