{"id":341986,"date":"2025-08-25T04:03:23","date_gmt":"2025-08-25T04:03:23","guid":{"rendered":"https:\/\/www.europesays.com\/fr\/341986\/"},"modified":"2025-08-25T04:03:23","modified_gmt":"2025-08-25T04:03:23","slug":"une-piece-maitresse-dhorneland-deja-identifiee-dans-la-course-a-la-montee","status":"publish","type":"post","link":"https:\/\/www.europesays.com\/fr\/341986\/","title":{"rendered":"Une pi\u00e8ce ma\u00eetresse d&rsquo;Horneland d\u00e9j\u00e0 identifi\u00e9e dans la course \u00e0 la mont\u00e9e !"},"content":{"rendered":"<p>                                            Publi\u00e9 le 24\/08\/2025 \u00e0 20h16<br \/>\n                                                                                3 minutes de lecture\n                                                                    <\/p>\n<p>L\u00a0\u00bbAS Saint-\u00c9tienne continue sa progression sous la houlette d&rsquo;Eirik Horneland, et certains joueurs \u00e9mergent d\u00e9j\u00e0 comme des piliers de ce nouveau projet. Lors de la r\u00e9cente victoire des Verts \u00e0 <strong>Boulogne (1-0)<\/strong>, plusieurs enseignements ont pu \u00eatre tir\u00e9s, notamment concernant l&rsquo;adaptation remarquable de certaines recrues. Si l&rsquo;entra\u00eeneur norv\u00e9gien s&rsquo;est montr\u00e9 exigeant dans son analyse post-match, pointant du doigt certaines lacunes dans l&rsquo;approche de ses joueurs, il n&rsquo;en demeure pas moins que des satisfactions \u00e9mergent de cette rencontre. Parmi elles, la confirmation de l&rsquo;importance grandissante de <strong>Mahmoud Jaber<\/strong> dans l&rsquo;\u00e9chiquier st\u00e9phanois. Le milieu isra\u00e9lien, d\u00e9j\u00e0 remarqu\u00e9 lors de la large victoire face \u00e0 <strong>Rodez (4-0)<\/strong> une semaine plus t\u00f4t, confirme match apr\u00e8s match qu&rsquo;il poss\u00e8de les qualit\u00e9s n\u00e9cessaires pour devenir un \u00e9l\u00e9ment incontournable de cette \u00e9quipe en reconstruction.<\/p>\n<p>                                <img decoding=\"async\" src=\"https:\/\/www.europesays.com\/fr\/wp-content\/uploads\/2025\/04\/1744123449_543_logo.png\" alt=\"Logo\"\/><\/p>\n<p>100\u20ac offerts sur ton 1er pari !<\/p>\n<p>                            <a href=\"https:\/\/bit.ly\/4j5wl4k\" class=\"headband-button\" rel=\"nofollow noopener\" target=\"_blank\">J&rsquo;en profite<\/a><\/p>\n<p>                                                                <img loading=\"lazy\" decoding=\"async\" src=\"https:\/\/www.europesays.com\/fr\/wp-content\/uploads\/2025\/08\/asse-une-piece-maitresse-d-horneland-deja-identifiee-dans-la-course-a-la-montee.jpg\" alt=\"Illustration : &quot;ASSE : Une pi\u00e8ce ma\u00eetresse d'Horneland d\u00e9j\u00e0 identifi\u00e9e dans la course \u00e0 la mont\u00e9e !&quot;\" class=\"figure-img img-fluid\" width=\"780\" height=\"478\"\/><\/p>\n<p>                                    \u00a9 Site officiel de l&rsquo;ASSE                                <\/p>\n<p>Un perfectionniste exigeant mais satisfait<\/p>\n<p>Eirik Horneland ne cache jamais ses attentes \u00e9lev\u00e9es, et sa r\u00e9action apr\u00e8s la victoire \u00e0 Boulogne en t\u00e9moigne parfaitement. Perfectionniste, l&rsquo;entra\u00eeneur de l&rsquo;ASSE a point\u00e9 du doigt un manque d&rsquo;agressivit\u00e9 d\u00e8s le coup d&rsquo;envoi ainsi qu&rsquo;un d\u00e9ficit d&rsquo;application dans le geste, aussi bien au niveau d\u00e9fensif qu&rsquo;offensif, rapporte la presse locale. Cette exigence constante du technicien norv\u00e9gien refl\u00e8te sa philosophie de jeu et sa volont\u00e9 de voir son \u00e9quipe progresser continuellement. Malgr\u00e9 ces critiques constructives, Horneland a forc\u00e9ment identifi\u00e9 des points positifs dans la prestation de ses joueurs. Cette approche \u00e9quilibr\u00e9e entre exigence et reconnaissance des efforts d\u00e9montre la maturit\u00e9 de son management. Le fait qu&rsquo;il ait d\u00fb <strong>revenir du Nord avec des satisfactions<\/strong> selon les observateurs pr\u00e9sents, illustre parfaitement cette dualit\u00e9 entre perfectionnisme et pragmatisme. Cette m\u00e9thode de travail semble porter ses fruits, comme en t\u00e9moignent les r\u00e9cents r\u00e9sultats de l&rsquo;\u00e9quipe st\u00e9phanoise.<\/p>\n<p>Jaber, la r\u00e9v\u00e9lation du milieu de terrain<\/p>\n<p>Le quotidien Le Progr\u00e8s n&rsquo;a pas manqu\u00e9 de souligner l&rsquo;impact grandissant de Mahmoud Jaber sur le jeu st\u00e9phanois. Jaber, d\u00e9j\u00e0 indispensable titre le journal r\u00e9gional, accompagnant cette affirmation d&rsquo;une analyse d\u00e9taill\u00e9e de sa prestation. D\u00e9j\u00e0 omnipr\u00e9sent face \u00e0 Rodez, le milieu isra\u00e9lien a confirm\u00e9 ce pourquoi il a \u00e9t\u00e9 recrut\u00e9 : c&rsquo;est un gros moteur. Cette constance dans les performances d\u00e9montre que le joueur a rapidement assimil\u00e9 les attentes de son nouvel entra\u00eeneur. Son activit\u00e9 au <strong>c\u0153ur du jeu<\/strong> se traduit par une pr\u00e9sence d\u00e9fensive remarquable, notamment dans sa capacit\u00e9 \u00e0 <strong>colmater les br\u00e8ches d\u00e8s qu&rsquo;elles apparaissaient<\/strong>. L&rsquo;exemple cit\u00e9 de son intervention <strong>dans le dos d&rsquo;Annan, comme ce fut le cas en premi\u00e8re p\u00e9riode (12e)<\/strong> illustre parfaitement sa lecture du jeu et son sens du placement. Offensivement, il se distingue \u00e9galement comme \u00ab\u00a0acteur des relances st\u00e9phanoises balle au pied ou par la passe\u00a0\u00bb, prouvant sa polyvalence et sa capacit\u00e9 \u00e0 faire le lien entre les lignes.<\/p>\n<p>Une dynamique collective prometteuse<\/p>\n<p>L&rsquo;\u00e9mergence de Mahmoud Jaber s&rsquo;inscrit dans une tendance plus large qui caract\u00e9rise cette nouvelle ASSE. Aux c\u00f4t\u00e9s de <strong>Joao Ferreira<\/strong>, il fait partie de ces recrues qui <strong>affichent d\u00e9j\u00e0 un niveau \u00e9lev\u00e9 sur le terrain et une volont\u00e9 de s&rsquo;imposer comme des tauliers du vestiaire<\/strong>. Cette mentalit\u00e9 tranche radicalement avec les difficult\u00e9s rencontr\u00e9es la saison pass\u00e9e, o\u00f9 l&rsquo;int\u00e9gration des nouveaux \u00e9l\u00e9ments avait pos\u00e9 probl\u00e8me. Le contraste est saisissant et t\u00e9moigne d&rsquo;un recrutement plus cibl\u00e9 et d&rsquo;un encadrement technique plus efficace. Cette transformation de l&rsquo;\u00e9tat d&rsquo;esprit collectif constitue sans doute l&rsquo;un des facteurs cl\u00e9s de la progression actuelle de l&rsquo;\u00e9quipe st\u00e9phanoise sous la direction d&rsquo;Horneland.<\/p>\n<p>La Ligue 2 a repris ses droits et l\u2019ASSE n\u2019a fait qu\u2019une bouch\u00e9e de Rodez pour la 2\u00e8me journ\u00e9e de championnat. Pour cette saison 2025-2026, profitez de 100\u20ac offerts pour votre premi\u00e8re inscription sur Parions Sport en Ligne. <a href=\"http:\/\/bit.ly\/4hgs1yE\" rel=\"nofollow noopener\" target=\"_blank\"><strong>L\u2019ASSE valide son ticket pour la L1 en finissant 1\u00e8re de L2 ? Pariez sur une mont\u00e9e des Verts couronn\u00e9e d\u2019un sacre en L2 vous rapporte jusqu\u2019\u00e0 450\u20ac !<\/strong><\/a><\/p>\n<p><strong>Pour en profiter, c\u2019est tr\u00e8s simple :<\/strong><\/p>\n<p>&#8211;              Cr\u00e9ez votre compte joueur en seulement 2 \u00e9tapes <a href=\"http:\/\/bit.ly\/4hgs1yE\" rel=\"nofollow noopener\" target=\"_blank\"><strong>ici<\/strong><\/a><\/p>\n<p>&#8211;              R\u00e9alisez votre 1er d\u00e9p\u00f4t puis placez votre 1er pari (Minimum 5\u20ac)<\/p>\n<p>&#8211;              Une fois votre 1er d\u00e9p\u00f4t et votre 1er pari r\u00e9alis\u00e9s, l\u2019int\u00e9gralit\u00e9 du montant de ce 1er pari sera cr\u00e9dit\u00e9e sur votre compte joueur dans la limite de 100\u20ac maximum et sous la forme de cr\u00e9dits de jeu non retirables. Le cr\u00e9dit s\u2019effectuera alors en une seule \u00e9tape et sous 3 jours<\/p>\n<p>Jouer comporte des risques : endettement, d\u00e9pendance\u2026 Appelez le 09 74 75 13 13 (appel non surtax\u00e9)<\/p>\n","protected":false},"excerpt":{"rendered":"Publi\u00e9 le 24\/08\/2025 \u00e0 20h16 3 minutes de lecture L\u00a0\u00bbAS Saint-\u00c9tienne continue sa progression sous la houlette d&rsquo;Eirik&hellip;\n","protected":false},"author":2,"featured_media":341987,"comment_status":"","ping_status":"","sticky":false,"template":"","format":"standard","meta":{"footnotes":""},"categories":[9],"tags":[1011,27,60],"class_list":{"0":"post-341986","1":"post","2":"type-post","3":"status-publish","4":"format-standard","5":"has-post-thumbnail","7":"category-sports","8":"tag-fr","9":"tag-france","10":"tag-sports"},"share_on_mastodon":{"url":"https:\/\/pubeurope.com\/@fr\/115087422900226908","error":""},"_links":{"self":[{"href":"https:\/\/www.europesays.com\/fr\/wp-json\/wp\/v2\/posts\/341986","targetHints":{"allow":["GET"]}}],"collection":[{"href":"https:\/\/www.europesays.com\/fr\/wp-json\/wp\/v2\/posts"}],"about":[{"href":"https:\/\/www.europesays.com\/fr\/wp-json\/wp\/v2\/types\/post"}],"author":[{"embeddable":true,"href":"https:\/\/www.europesays.com\/fr\/wp-json\/wp\/v2\/users\/2"}],"replies":[{"embeddable":true,"href":"https:\/\/www.europesays.com\/fr\/wp-json\/wp\/v2\/comments?post=341986"}],"version-history":[{"count":0,"href":"https:\/\/www.europesays.com\/fr\/wp-json\/wp\/v2\/posts\/341986\/revisions"}],"wp:featuredmedia":[{"embeddable":true,"href":"https:\/\/www.europesays.com\/fr\/wp-json\/wp\/v2\/media\/341987"}],"wp:attachment":[{"href":"https:\/\/www.europesays.com\/fr\/wp-json\/wp\/v2\/media?parent=341986"}],"wp:term":[{"taxonomy":"category","embeddable":true,"href":"https:\/\/www.europesays.com\/fr\/wp-json\/wp\/v2\/categories?post=341986"},{"taxonomy":"post_tag","embeddable":true,"href":"https:\/\/www.europesays.com\/fr\/wp-json\/wp\/v2\/tags?post=341986"}],"curies":[{"name":"wp","href":"https:\/\/api.w.org\/{rel}","templated":true}]}}