{"id":342006,"date":"2025-08-25T04:18:10","date_gmt":"2025-08-25T04:18:10","guid":{"rendered":"https:\/\/www.europesays.com\/fr\/342006\/"},"modified":"2025-08-25T04:18:10","modified_gmt":"2025-08-25T04:18:10","slug":"resistance-presse-et-defile-retour-vivant-sur-lete-1944","status":"publish","type":"post","link":"https:\/\/www.europesays.com\/fr\/342006\/","title":{"rendered":"R\u00e9sistance, presse et d\u00e9fil\u00e9 : retour vivant sur l\u2019\u00e9t\u00e9 1944"},"content":{"rendered":"<p>Du 1er au 27 septembre, une exposition consacr\u00e9e \u00e0 la Lib\u00e9ration sera pr\u00e9sent\u00e9e au sein de la structure, gr\u00e2ce \u00e0 un pr\u00eat du Mus\u00e9e de la R\u00e9sistance et de la D\u00e9portation et de la ville de Castelnau-le-Lez. \u00c0 travers des panneaux explicatifs, le public pourra revivre les moments cl\u00e9s de cette p\u00e9riode, d\u00e9couvrir les grandes figures de la R\u00e9sistance, les mouvements engag\u00e9s et des extraits de presse de l\u2019\u00e9poque. Apr\u00e8s le d\u00e9barquement en Provence le 15 ao\u00fbt 1944, Montpellier est lib\u00e9r\u00e9e le 23 ao\u00fbt. Les troupes y d\u00e9filent le 2 septembre. Un temps fort est pr\u00e9vu samedi 21 septembre avec une animation en ext\u00e9rieur : exposition de mat\u00e9riel ancien, figurants en tenue d\u2019\u00e9poque, revues de Pin\u2019Up et performance d\u2019une chanteuse pour une immersion dans l\u2019ambiance de 1945.<\/p>\n<p>    Les horaires d\u2019ouverture de l\u2019exposition sont les suivants : lundi de 15 h \u00e0 18 h ; mardi et mercredi de 10 h \u00e0 12 h et de 15 h \u00e0 18 h ; jeudi et samedi de 10 h \u00e0 12 h ; vendredi de 15 h \u00e0 18 h 30.<\/p>\n<p>Correspondant Midi Libre : 06 58 81 40 02<\/p>\n","protected":false},"excerpt":{"rendered":"Du 1er au 27 septembre, une exposition consacr\u00e9e \u00e0 la Lib\u00e9ration sera pr\u00e9sent\u00e9e au sein de la structure,&hellip;\n","protected":false},"author":2,"featured_media":342007,"comment_status":"","ping_status":"","sticky":false,"template":"","format":"standard","meta":{"footnotes":""},"categories":[9599],"tags":[1111,11,1777,674,1011,27,2208,12,2680,25],"class_list":{"0":"post-342006","1":"post","2":"type-post","3":"status-publish","4":"format-standard","5":"has-post-thumbnail","7":"category-montpellier","8":"tag-actu","9":"tag-actualites","10":"tag-eu","11":"tag-europe","12":"tag-fr","13":"tag-france","14":"tag-montpellier","15":"tag-news","16":"tag-occitanie","17":"tag-republique-francaise"},"share_on_mastodon":{"url":"https:\/\/pubeurope.com\/@fr\/115087481561879258","error":""},"_links":{"self":[{"href":"https:\/\/www.europesays.com\/fr\/wp-json\/wp\/v2\/posts\/342006","targetHints":{"allow":["GET"]}}],"collection":[{"href":"https:\/\/www.europesays.com\/fr\/wp-json\/wp\/v2\/posts"}],"about":[{"href":"https:\/\/www.europesays.com\/fr\/wp-json\/wp\/v2\/types\/post"}],"author":[{"embeddable":true,"href":"https:\/\/www.europesays.com\/fr\/wp-json\/wp\/v2\/users\/2"}],"replies":[{"embeddable":true,"href":"https:\/\/www.europesays.com\/fr\/wp-json\/wp\/v2\/comments?post=342006"}],"version-history":[{"count":0,"href":"https:\/\/www.europesays.com\/fr\/wp-json\/wp\/v2\/posts\/342006\/revisions"}],"wp:featuredmedia":[{"embeddable":true,"href":"https:\/\/www.europesays.com\/fr\/wp-json\/wp\/v2\/media\/342007"}],"wp:attachment":[{"href":"https:\/\/www.europesays.com\/fr\/wp-json\/wp\/v2\/media?parent=342006"}],"wp:term":[{"taxonomy":"category","embeddable":true,"href":"https:\/\/www.europesays.com\/fr\/wp-json\/wp\/v2\/categories?post=342006"},{"taxonomy":"post_tag","embeddable":true,"href":"https:\/\/www.europesays.com\/fr\/wp-json\/wp\/v2\/tags?post=342006"}],"curies":[{"name":"wp","href":"https:\/\/api.w.org\/{rel}","templated":true}]}}