{"id":342019,"date":"2025-08-25T04:29:11","date_gmt":"2025-08-25T04:29:11","guid":{"rendered":"https:\/\/www.europesays.com\/fr\/342019\/"},"modified":"2025-08-25T04:29:11","modified_gmt":"2025-08-25T04:29:11","slug":"vegetalisation-ventilateurs-dans-les-classes-etancheite-ou-en-sont-les-travaux-dans-les-ecoles-de-nice","status":"publish","type":"post","link":"https:\/\/www.europesays.com\/fr\/342019\/","title":{"rendered":"V\u00e9g\u00e9talisation, ventilateurs dans les classes, \u00e9tanch\u00e9it\u00e9: o\u00f9 en sont les travaux dans les \u00e9coles de Nice?"},"content":{"rendered":"<p>Tous les \u00e9t\u00e9s, c\u2019est l\u2019occasion: les 144 \u00e9coles de Nice \u00e9tant d\u00e9sert\u00e9es par les enfants, certaines font l\u2019objet de travaux. Cette ann\u00e9e, pr\u00e8s de 3,6 millions d\u2019euros ont \u00e9t\u00e9 investis par la Ville, dont plus de 1,2 million pour l\u2019adaptation des \u00e9quipements au changement climatique.<\/p>\n<p>L\u2019\u00e9cole maternelle Chalet des Roses, quartier de la Madeleine, en a b\u00e9n\u00e9fici\u00e9. Dans la cour int\u00e9rieure, exit le bitume br\u00fblant l\u2019\u00e9t\u00e9, remplac\u00e9 par des copeaux de bois. C\u2019est un des premiers \u00e9tablissements \u00e0 b\u00e9n\u00e9ficier d\u2019une cour compl\u00e8tement v\u00e9g\u00e9talis\u00e9e, avec quatre autres \u00e9coles (la maternelle Bellanda, et les \u00e9l\u00e9mentaires Caucade, du Ch\u00e2teau et Saint-Barth\u00e9l\u00e9my 1). Objectif: limiter la r\u00e9verb\u00e9ration de la chaleur dans la cour et sur les murs de l\u2019\u00e9cole. Le travail des agents municipaux en est \u00e9galement r\u00e9duit, puisque les feuilles des arbres ne seront plus ramass\u00e9es.<\/p>\n<p>L\u2019ann\u00e9e prochaine, ce sera au tour de l\u2019\u00e9cole primaire Chalet des Roses, avec la plantation de sept arbres sur le plateau sportif. \u00ab\u00a0On n\u2019est pas dans un effet de mode. Nous sommes dans la v\u00e9g\u00e9talisation de toutes les cours de r\u00e9cr\u00e9ation des \u00e9coles maternelles et \u00e9l\u00e9mentaires de la ville que j\u2019avais annonc\u00e9e en 2020. Nous savons qu\u2019\u00e0 la rentr\u00e9e 2026, nous aurons quasiment rempli le contrat que nous nous \u00e9tions fix\u00e9\u00a0\u00bb, cadre Christian Estrosi, le maire de Nice.<\/p>\n<p>20 classes \u00e9quip\u00e9es de ventilateurs<\/p>\n<p>Pour rem\u00e9dier aux probl\u00e8mes de chaleur dans les salles de classe, l\u2019installation de ventilateurs de plafond se poursuit. En juin, <a href=\"https:\/\/www.nicematin.com\/politique\/-dans-84-des-ecoles-nicoises-il-fait-plus-de-30-degres-la-gauche-ecolo-s-est-penchee-sur-la-temperature-des-salles-de-classe-990883\" rel=\"nofollow noopener\" target=\"_blank\">la gauche-\u00e9cologiste (PS, PCF, Les \u00c9cologistes) avait d\u00e9nonc\u00e9 des \u00e9coles en surchauffe<\/a>, avec jusqu\u2019\u00e0 40\u00b0C \u00e0 l\u2019int\u00e9rieur, selon des t\u00e9moignages relay\u00e9s par les groupes d\u2019opposition. Cet \u00e9t\u00e9, 20 classes ont \u00e9t\u00e9 \u00e9quip\u00e9es pour un co\u00fbt global de 68.000 euros. \u00ab\u00a0On entend dire certains qu\u2019il faut climatiser toutes les salles de classe et l\u2019ensemble des \u00e9quipements. Et abracadabra, tout ira bien, ironise Pierre Fiori, conseiller municipal subd\u00e9l\u00e9gu\u00e9 aux travaux dans les \u00e9coles. Mais la lutte contre le r\u00e9chauffement climatique, c\u2019est la conjonction de plusieurs actions\u00a0\u00bb. La municipalit\u00e9 avait d\u2019ailleurs d\u00e9j\u00e0 assur\u00e9 qu\u2019elle n\u2019avait pas l\u2019intention de climatiser les salles de classe. Selon Pierre Fiori, d\u2019ici \u00e0 la fin de l\u2019ann\u00e9e 2025, 150 classes auront \u00e9t\u00e9 \u00e9quip\u00e9es de brasseurs d\u2019air. \u00ab\u00a0Et nous allons doubler ce chiffre chaque ann\u00e9e jusqu\u2019en 2026\u00a0\u00bb, poursuit l\u2019\u00e9lu.<\/p>\n<p>Trois \u00e9tablissements ont aussi b\u00e9n\u00e9fici\u00e9 de la r\u00e9fection des huisseries, sept de travaux d\u2019\u00e9tanch\u00e9it\u00e9&#8230; Au total, cet \u00e9t\u00e9, 1,2 million d\u2019euros ont \u00e9t\u00e9 investis pour l\u2019adaptation des \u00e9quipements au changement climatique. Parall\u00e8lement, certains \u00e9tablissements ont \u00e9t\u00e9 am\u00e9lior\u00e9s en termes d\u2019acoustique (cinq r\u00e9fectoires r\u00e9nov\u00e9s pour r\u00e9duire les nuisances sonores pour 190.700 euros) ou pour am\u00e9liorer les espaces de vie (35 \u00e9coles concern\u00e9es pour un co\u00fbt global de 860.000 euros).<\/p>\n","protected":false},"excerpt":{"rendered":"Tous les \u00e9t\u00e9s, c\u2019est l\u2019occasion: les 144 \u00e9coles de Nice \u00e9tant d\u00e9sert\u00e9es par les enfants, certaines font l\u2019objet&hellip;\n","protected":false},"author":2,"featured_media":342020,"comment_status":"","ping_status":"","sticky":false,"template":"","format":"standard","meta":{"footnotes":""},"categories":[2819],"tags":[1111,11,1777,674,1011,27,12,2401,882,25,3366],"class_list":{"0":"post-342019","1":"post","2":"type-post","3":"status-publish","4":"format-standard","5":"has-post-thumbnail","7":"category-nice","8":"tag-actu","9":"tag-actualites","10":"tag-eu","11":"tag-europe","12":"tag-fr","13":"tag-france","14":"tag-news","15":"tag-nice","16":"tag-provence-alpes-cote-dazur","17":"tag-republique-francaise","18":"tag-vie-locale"},"share_on_mastodon":{"url":"https:\/\/pubeurope.com\/@fr\/115087524778059349","error":""},"_links":{"self":[{"href":"https:\/\/www.europesays.com\/fr\/wp-json\/wp\/v2\/posts\/342019","targetHints":{"allow":["GET"]}}],"collection":[{"href":"https:\/\/www.europesays.com\/fr\/wp-json\/wp\/v2\/posts"}],"about":[{"href":"https:\/\/www.europesays.com\/fr\/wp-json\/wp\/v2\/types\/post"}],"author":[{"embeddable":true,"href":"https:\/\/www.europesays.com\/fr\/wp-json\/wp\/v2\/users\/2"}],"replies":[{"embeddable":true,"href":"https:\/\/www.europesays.com\/fr\/wp-json\/wp\/v2\/comments?post=342019"}],"version-history":[{"count":0,"href":"https:\/\/www.europesays.com\/fr\/wp-json\/wp\/v2\/posts\/342019\/revisions"}],"wp:featuredmedia":[{"embeddable":true,"href":"https:\/\/www.europesays.com\/fr\/wp-json\/wp\/v2\/media\/342020"}],"wp:attachment":[{"href":"https:\/\/www.europesays.com\/fr\/wp-json\/wp\/v2\/media?parent=342019"}],"wp:term":[{"taxonomy":"category","embeddable":true,"href":"https:\/\/www.europesays.com\/fr\/wp-json\/wp\/v2\/categories?post=342019"},{"taxonomy":"post_tag","embeddable":true,"href":"https:\/\/www.europesays.com\/fr\/wp-json\/wp\/v2\/tags?post=342019"}],"curies":[{"name":"wp","href":"https:\/\/api.w.org\/{rel}","templated":true}]}}