{"id":342021,"date":"2025-08-25T04:30:11","date_gmt":"2025-08-25T04:30:11","guid":{"rendered":"https:\/\/www.europesays.com\/fr\/342021\/"},"modified":"2025-08-25T04:30:11","modified_gmt":"2025-08-25T04:30:11","slug":"meteo-a-quoi-sattendre-ce-lundi-dans-les-alpes-maritimes","status":"publish","type":"post","link":"https:\/\/www.europesays.com\/fr\/342021\/","title":{"rendered":"M\u00e9t\u00e9o: \u00e0 quoi s&rsquo;attendre ce lundi dans les Alpes-Maritimes?"},"content":{"rendered":"<p>La semaine d\u00e9bute avec un ciel plut\u00f4t nuageux sur l&rsquo;ensemble du territoire.\u00a0<\/p>\n<p><strong>De la pluie pourrait s&rsquo;inviter dans le secteur de Menton<\/strong>. Les temp\u00e9ratures oscilleront <strong>entre 18 et 27\u00b0C du nord au sud<\/strong>. Il n&rsquo;y aura pas de vent.\u00a0<\/p>\n<p>Le ciel se couvrira encore un peu plus l&rsquo;apr\u00e8s-midi avec <strong>des pluies faibles<\/strong> qui pourront encore toucher Menton, mais aussi Nice, Tou\u00ebt-de-l&rsquo;Escar\u00e8ne, Saint-Martin-du-Var, Grasse et Tende.\u00a0<\/p>\n<p>                                Jusqu&rsquo;\u00e0 27\u00b0C<\/p>\n<p>Le mercure sera situ\u00e9 <strong>entre 21 et 27\u00b0C<\/strong>.\u00a0<\/p>\n<p>Le dicton m\u00e9t\u00e9o du jour: \u00ab\u00a0Beau temps pour la Saint-Louis, plusieurs jours sans pluie\u00a0\u00bb. On f\u00eate donc les Louis et il n &lsquo;y a pas de journ\u00e9e mondiale.\u00a0<\/p>\n<p>Passez une belle journ\u00e9e!<\/p>\n","protected":false},"excerpt":{"rendered":"La semaine d\u00e9bute avec un ciel plut\u00f4t nuageux sur l&rsquo;ensemble du territoire.\u00a0 De la pluie pourrait s&rsquo;inviter dans&hellip;\n","protected":false},"author":2,"featured_media":342022,"comment_status":"","ping_status":"","sticky":false,"template":"","format":"standard","meta":{"footnotes":""},"categories":[2819],"tags":[1111,11,1777,674,1011,27,2487,12,2401,882,25],"class_list":{"0":"post-342021","1":"post","2":"type-post","3":"status-publish","4":"format-standard","5":"has-post-thumbnail","7":"category-nice","8":"tag-actu","9":"tag-actualites","10":"tag-eu","11":"tag-europe","12":"tag-fr","13":"tag-france","14":"tag-meteo","15":"tag-news","16":"tag-nice","17":"tag-provence-alpes-cote-dazur","18":"tag-republique-francaise"},"share_on_mastodon":{"url":"https:\/\/pubeurope.com\/@fr\/115087528709834186","error":""},"_links":{"self":[{"href":"https:\/\/www.europesays.com\/fr\/wp-json\/wp\/v2\/posts\/342021","targetHints":{"allow":["GET"]}}],"collection":[{"href":"https:\/\/www.europesays.com\/fr\/wp-json\/wp\/v2\/posts"}],"about":[{"href":"https:\/\/www.europesays.com\/fr\/wp-json\/wp\/v2\/types\/post"}],"author":[{"embeddable":true,"href":"https:\/\/www.europesays.com\/fr\/wp-json\/wp\/v2\/users\/2"}],"replies":[{"embeddable":true,"href":"https:\/\/www.europesays.com\/fr\/wp-json\/wp\/v2\/comments?post=342021"}],"version-history":[{"count":0,"href":"https:\/\/www.europesays.com\/fr\/wp-json\/wp\/v2\/posts\/342021\/revisions"}],"wp:featuredmedia":[{"embeddable":true,"href":"https:\/\/www.europesays.com\/fr\/wp-json\/wp\/v2\/media\/342022"}],"wp:attachment":[{"href":"https:\/\/www.europesays.com\/fr\/wp-json\/wp\/v2\/media?parent=342021"}],"wp:term":[{"taxonomy":"category","embeddable":true,"href":"https:\/\/www.europesays.com\/fr\/wp-json\/wp\/v2\/categories?post=342021"},{"taxonomy":"post_tag","embeddable":true,"href":"https:\/\/www.europesays.com\/fr\/wp-json\/wp\/v2\/tags?post=342021"}],"curies":[{"name":"wp","href":"https:\/\/api.w.org\/{rel}","templated":true}]}}