{"id":342031,"date":"2025-08-25T04:35:10","date_gmt":"2025-08-25T04:35:10","guid":{"rendered":"https:\/\/www.europesays.com\/fr\/342031\/"},"modified":"2025-08-25T04:35:10","modified_gmt":"2025-08-25T04:35:10","slug":"avec-des-milliers-dadmissions-en-plus-chaque-annee-les-urgences-vont-elles-tenir","status":"publish","type":"post","link":"https:\/\/www.europesays.com\/fr\/342031\/","title":{"rendered":"avec des milliers d&rsquo;admissions en plus chaque ann\u00e9e, les urgences vont-elles tenir\u00a0?"},"content":{"rendered":"<p>            Par<br \/>\n        <strong><br \/>\n            <a href=\"https:\/\/actu.fr\/auteur\/enzo-legros\" title=\"Consulter tous les articles de Enzo Legros\" rel=\"nofollow noopener\" target=\"_blank\">Enzo Legros<\/a><br \/>\n        <\/strong><\/p>\n<p>        Publi\u00e9 le<\/p>\n<p>            25 ao\u00fbt 2025 \u00e0 6h04        <\/p>\n<p>Au 1er\u00a0janvier 2026, Toulouse devrait officiellement devenir la troisi\u00e8me ville la plus peupl\u00e9e de France. Avec <a href=\"https:\/\/actu.fr\/occitanie\/toulouse_31555\/population-toulouse-compte-desormais-511-684-habitants-et-va-devenir-3e-ville-de-france-tres-rapidement_62022339.html\" rel=\"nofollow noopener\" target=\"_blank\">511\u2009684\u00a0habitants recens\u00e9s en 2024<\/a> et une attractivit\u00e9 exceptionnelle, la Ville Rose a de nombreux d\u00e9fis \u00e0 relever. Celui de la <strong>sant\u00e9<\/strong> s\u2019annonce particuli\u00e8rement cors\u00e9. Car qui dit plus de Toulousains veut aussi dire plus de patients en attente aux urgences. Au <a href=\"https:\/\/actu.fr\/tag\/chu-de-toulouse\" rel=\"nofollow noopener\" target=\"_blank\">CHU de Toulouse<\/a>, rien n\u2019arr\u00eate la hausse du nombre d\u2019accueils non programm\u00e9s depuis plusieurs ann\u00e9es. <strong>\u00ab\u2009On souffre de la d\u00e9mographie\u2009\u00bb<\/strong>, s\u2019accorde \u00e0 confier \u00e0 Actu Toulouse le professeur Sandrine Charpentier, cheffe du service d\u00e9j\u00e0 sous haute tension.<\/p>\n<p>Des milliers d\u2019urgences en plus chaque ann\u00e9e<\/p>\n<p class=\" wall-content\">Dans son <a href=\"https:\/\/www.chu-toulouse.fr\/le-rapport-d-activite-2024-du-chu-de-toulouse-est-en-ligne\" rel=\"nofollow noopener\" target=\"_blank\">rapport d\u2019activit\u00e9 de l\u2019exercice 2024<\/a>, le CHU met en image une r\u00e9alit\u00e9 constat\u00e9e sans effort dans les couloirs de ses \u00e9tablissements\u2009: le service des urgences sature de plus en plus au fil des ans. En 2024, <strong>228\u2009885 entr\u00e9es<\/strong> ont \u00e9t\u00e9 comptabilis\u00e9es au p\u00f4le de secours.<\/p>\n<p class=\" wall-content\">Si l\u2019on remonte cinq ann\u00e9es en arri\u00e8re, ce chiffre <strong>\u00e9tait nettement plus bas en 2019<\/strong>, avec \u00ab\u2009seulement\u2009\u00bb 169\u2009663 passages<strong>.\u00a0<\/strong>Mais depuis, il ne cesse de bondir.<\/p>\n<p class=\" wall-content\">En moyenne, ce sont 10\u2009000 cas suppl\u00e9mentaires qui se pr\u00e9sentent tous les ans face au personnel soignant des h\u00f4pitaux de Purpan et Rangueil. \u00ab\u2009On n\u2019a <strong>jamais eu de d\u00e9croissance<\/strong>, pour diverses causes nationales mais aussi par rapport \u00e0 cette d\u00e9mographie particuli\u00e8re du Midi-Pyr\u00e9n\u00e9es\u2009\u00bb, d\u00e9veloppe Sandrine Charpentier.<\/p>\n<p>Une tension grandissante en p\u00e9diatrie<\/p>\n<p class=\" wall-content\">Bien qu\u2019il y ait de plus en plus d\u2019habitants, la population toulousaine est <strong>vieillissante<\/strong>, et cela a un impact clair sur les h\u00f4pitaux. \u00ab\u2009Avec ce type de d\u00e9mographie, on a des urgences qui concernent beaucoup de personnes \u00e2g\u00e9es, pour des maladies cardiaques, pulmonaires, des \u00e9pid\u00e9mies, les canicules, etc\u2009\u00bb, explique la cheffe des urgences.<\/p>\n<p class=\" wall-content\">D\u2019un autre c\u00f4t\u00e9, l\u2019attractivit\u00e9 de Toulouse et de la Haute-Garonne am\u00e8ne de nouvelles naissances, et donc de potentiels cas de pathologies infantiles \u00e0 g\u00e9rer. En 2024, <strong>la prise en charge des enfants<\/strong> aux urgences a repr\u00e9sent\u00e9 <strong>28,5\u2009% des admissions totales<\/strong> du service.<\/p>\n<p>Une recrudescence aussi li\u00e9e au COVID<\/p>\n<p class=\" wall-content\">Pour Sandrine Charpentier, la hausse de passages <a href=\"https:\/\/actu.fr\/tag\/urgences\" rel=\"nofollow noopener\" target=\"_blank\">aux urgences<\/a> de Toulouse ces derni\u00e8res ann\u00e9es s\u2019explique \u00e9galement par un effet post-Covid. \u00ab\u2009On a <strong>une population qui a eu moins de pr\u00e9vention<\/strong> sur les risques de maladies, de cancer, et aujourd\u2019hui on en a les cons\u00e9quences\u2009\u00bb, regrette-t-elle.<\/p>\n<p>Votre r\u00e9gion, votre actu !<\/p>\n<p>Recevez chaque jour les infos qui comptent pour vous.<\/p>\n<p>\t<a href=\"https:\/\/actu.fr\/newsletter\" class=\"ac-btn ac-btn--corner ac-btn--medium ac-btn--blue800\" rel=\"nofollow noopener\" target=\"_blank\">S&rsquo;incrire<\/a><\/p>\n<p class=\" wall-content\">Le probl\u00e8me des<strong> d\u00e9serts m\u00e9dicaux<\/strong> force aussi certains patients \u00e0 se diriger vers les urgences. \u00ab\u2009Quand il n\u2019y a plus rien, le CHU est souvent la derni\u00e8re solution\u2009\u00bb, remarque Sandrine Charpentier.<\/p>\n<p>20\u2009% des admissions pourraient \u00eatre \u00e9vit\u00e9es<\/p>\n<p class=\" wall-content\">L\u2019id\u00e9al pour les centres hospitaliers reste d\u2019orienter au mieux la patient\u00e8le vers l\u2019offre de soin adapt\u00e9e \u00e0 son cas, surtout lorsqu\u2019une venue aux urgences n\u2019est pas n\u00e9cessaire, une situation qui repr\u00e9sente environ 20\u2009% des admissions.<\/p>\n<p class=\" wall-content\">C\u2019est pour cela qu\u2019a \u00e9t\u00e9 cr\u00e9\u00e9 le Service d\u2019acc\u00e8s aux soins <a href=\"https:\/\/actu.fr\/occitanie\/haute-garonne_31\" rel=\"nofollow noopener\" target=\"_blank\">en Haute-Garonne<\/a>. Il s\u2019agit d\u2019une plateforme t\u00e9l\u00e9phonique, test\u00e9e depuis 2023 dans plusieurs d\u00e9partements, qui s\u2019occupe de filtrer les appels du Samu (au num\u00e9ro\u00a015), et redirige les patients vers le bon interlocuteur.<\/p>\n<p class=\" wall-content\"><strong>\u00ab\u00a0Le but est que toute personne puisse avoir une solution<\/strong>, indique la responsable des urgences.<\/p>\n<p class=\" wall-content\">En contactant le Samu, un Toulousain <strong>peut avoir un m\u00e9decin directement au bout du fil<\/strong>, qui d\u00e9terminera si la gravit\u00e9 du cas n\u00e9cessite une prise en charge urgente ou un rendez-vous m\u00e9dical sous 48h. \u00ab\u2009Ce sont des solutions qui fonctionnent\u2009\u00bb, se r\u00e9jouit Sandrine Charpentier.<\/p>\n<p>\u00ab\u2009Les ressources humaines ne sont pas \u00e0 la hauteur\u2009\u00bb<\/p>\n<p class=\" wall-content\">Malgr\u00e9 tout, il n\u2019existe <strong>pas de solution miracle<\/strong> contre l\u2019engorgement des urgences. \u00c9t\u00e9 comme hiver, le CHU de Toulouse s\u2019attend chaque ann\u00e9e aux vagues li\u00e9es aux \u00e9pid\u00e9mies et aux canicules.<\/p>\n<blockquote class=\"ac-article-quote wall-content\">\n<p>M\u00eame si on re\u00e7oit de nouveaux internes dans le service, cela ne suffit pas \u00e0 compenser tous les d\u00e9parts \u00e0 la retraite. Par rapport \u00e0 la d\u00e9mographie de Toulouse, les ressources humaines ne sont pas \u00e0 la hauteur de ce qu&rsquo;il faudrait.<\/p>\n<p>    <strong>Sandrine Charpentier<\/strong><br \/>\n        Cheffe des urgences de Purpan-Rangueil    <\/p><\/blockquote>\n<p class=\" wall-content\">La suppression du numerus clausus, la limitation du nombre d\u2019\u00e9tudiants en m\u00e9decine, en 2020, appara\u00eet comme un bon choix. \u00ab\u2009Seulement, pour former un m\u00e9decin, il faut dix ans\u2009\u00bb, rappelle Sandrine Charpentier. Les effets de cette mesure ne se ressentent donc pas encore \u00e0 Toulouse. En attendant, <strong>le CHU doit s\u2019adapter<\/strong> par ses propres moyens.<\/p>\n<p>Repenser le fonctionnement des urgences<\/p>\n<p class=\" wall-content\">Parmi les solutions envisageables, l\u2019h\u00f4pital de Purpan essaye de <strong>r\u00e9partir les urgences<\/strong> \u00ab\u2009par fili\u00e8re\u2009\u00bb, en brisant les murs qui opposent les services de soins non programm\u00e9s et les p\u00f4les sp\u00e9cialis\u00e9s. \u00ab\u2009On a un travail \u00e0 faire sur l\u2019identification des lits disponibles, et r\u00e9partir la charge sur les diff\u00e9rents services\u2009\u00bb, d\u00e9crypte Sandrine Charpentier.<\/p>\n<blockquote class=\"ac-article-quote wall-content\">\n<p>On a longtemps s\u00e9par\u00e9 les soins non-programm\u00e9s et les urgences, il y a un travail \u00e0 faire sur l&rsquo;identification des lits disponibles, et r\u00e9partir la charge sur les diff\u00e9rents services. <\/p>\n<p>    <strong>Sandrine Charpentier<\/strong>\n            <\/p><\/blockquote>\n<p class=\" wall-content\">\u00c0 l\u2019avenir, elle verrait d\u2019un bon \u0153il un \u00e9largissement des comp\u00e9tences enseign\u00e9es aux infirmiers, pour qu\u2019il puisse prendre en charge certaines urgences sans l\u2019intervention d\u2019un m\u00e9decin. Pour le reste, les h\u00f4pitaux font appel \u00e0 la <strong>responsabilit\u00e9 des habitants<\/strong>.<\/p>\n<p>\u00ab\u2009On sait qu\u2019on sera toujours en haute tension\u2009\u00bb<\/p>\n<p class=\" wall-content\">Les m\u00e9decins s\u2019inqui\u00e8tent notamment des taux de vaccination, plus bas ces derni\u00e8res ann\u00e9es qu\u2019\u00e0 la p\u00e9riode pr\u00e9c\u00e9dant le COVID. \u00ab\u2009La pand\u00e9mie a fait oublier beaucoup de choses, <strong>l\u2019hiver dernier personne ne s\u2019\u00e9tait vaccin\u00e9<\/strong> contre la grippe, <a href=\"https:\/\/actu.fr\/occitanie\/toulouse_31555\/grippe-le-chu-de-toulouse-active-son-plan-blanc-le-pic-epidemique-pas-encore-atteint_62097666.html\" rel=\"nofollow noopener\" target=\"_blank\">\u00e7a a \u00e9t\u00e9 horrible<\/a>\u2009\u00bb, illustre Sandrine Charpentier.<\/p>\n<p class=\" wall-content\">Malgr\u00e9 tout cela, le service des urgences tient bon. \u00ab\u2009Les gens ne doivent pas oublier que la sant\u00e9 est un bien pr\u00e9cieux qu\u2019il faut conserver\u2009\u00bb, formule la responsable des urgences, avant d\u2019\u00eatre lucide sur l\u2019avenir li\u00e9 \u00e0 la d\u00e9mographie toulousaine. \u00ab\u2009On sait qu\u2019<strong>on sera toujours en haute tension\u2009\u00bb<\/strong>, conclut-elle.<\/p>\n<p class=\" wall-content\">Personnalisez votre actualit\u00e9 en ajoutant vos villes et m\u00e9dias en favori avec <a href=\"https:\/\/moncompte.actu.fr\" title=\"D\u00e9couvez Mon Actu\" rel=\"nofollow noopener\" data-trk=\"{&quot;cta&quot;:{&quot;action&quot;:&quot;https:\\\/\\\/moncompte.actu.fr&quot;,&quot;category&quot;:&quot;mon compte&quot;,&quot;from&quot;:&quot;article footer&quot;,&quot;name&quot;:&quot;Mon actu&quot;,&quot;type&quot;:&quot;cta&quot;}}\" target=\"_blank\">Mon Actu<\/a>.<\/p>\n","protected":false},"excerpt":{"rendered":"Par Enzo Legros Publi\u00e9 le 25 ao\u00fbt 2025 \u00e0 6h04 Au 1er\u00a0janvier 2026, Toulouse devrait officiellement devenir la&hellip;\n","protected":false},"author":2,"featured_media":342032,"comment_status":"","ping_status":"","sticky":false,"template":"","format":"standard","meta":{"footnotes":""},"categories":[2816],"tags":[1111,11,2630,1777,674,1011,27,12,2680,25,71,104,2312,6444],"class_list":{"0":"post-342031","1":"post","2":"type-post","3":"status-publish","4":"format-standard","5":"has-post-thumbnail","7":"category-toulouse","8":"tag-actu","9":"tag-actualites","10":"tag-chu-de-toulouse","11":"tag-eu","12":"tag-europe","13":"tag-fr","14":"tag-france","15":"tag-news","16":"tag-occitanie","17":"tag-republique-francaise","18":"tag-sante","19":"tag-societe","20":"tag-toulouse","21":"tag-urgences"},"share_on_mastodon":{"url":"https:\/\/pubeurope.com\/@fr\/115087548399388342","error":""},"_links":{"self":[{"href":"https:\/\/www.europesays.com\/fr\/wp-json\/wp\/v2\/posts\/342031","targetHints":{"allow":["GET"]}}],"collection":[{"href":"https:\/\/www.europesays.com\/fr\/wp-json\/wp\/v2\/posts"}],"about":[{"href":"https:\/\/www.europesays.com\/fr\/wp-json\/wp\/v2\/types\/post"}],"author":[{"embeddable":true,"href":"https:\/\/www.europesays.com\/fr\/wp-json\/wp\/v2\/users\/2"}],"replies":[{"embeddable":true,"href":"https:\/\/www.europesays.com\/fr\/wp-json\/wp\/v2\/comments?post=342031"}],"version-history":[{"count":0,"href":"https:\/\/www.europesays.com\/fr\/wp-json\/wp\/v2\/posts\/342031\/revisions"}],"wp:featuredmedia":[{"embeddable":true,"href":"https:\/\/www.europesays.com\/fr\/wp-json\/wp\/v2\/media\/342032"}],"wp:attachment":[{"href":"https:\/\/www.europesays.com\/fr\/wp-json\/wp\/v2\/media?parent=342031"}],"wp:term":[{"taxonomy":"category","embeddable":true,"href":"https:\/\/www.europesays.com\/fr\/wp-json\/wp\/v2\/categories?post=342031"},{"taxonomy":"post_tag","embeddable":true,"href":"https:\/\/www.europesays.com\/fr\/wp-json\/wp\/v2\/tags?post=342031"}],"curies":[{"name":"wp","href":"https:\/\/api.w.org\/{rel}","templated":true}]}}