{"id":342039,"date":"2025-08-25T04:41:11","date_gmt":"2025-08-25T04:41:11","guid":{"rendered":"https:\/\/www.europesays.com\/fr\/342039\/"},"modified":"2025-08-25T04:41:11","modified_gmt":"2025-08-25T04:41:11","slug":"cette-entreprise-lyonnaise-fait-du-made-in-france-une-affaire-de-bon-sens","status":"publish","type":"post","link":"https:\/\/www.europesays.com\/fr\/342039\/","title":{"rendered":"cette entreprise lyonnaise fait du \u00ab\u00a0Made in France\u00a0\u00bb une affaire de bon sens\u00a0"},"content":{"rendered":"<p>S\u2019adressant \u00e0 des publics militaires et civils sur les march\u00e9s de la d\u00e9fense et des forces de l\u2019ordre, des secours, de la sant\u00e9, de l\u2019industrie et de la s\u00fbret\u00e9 (nucl\u00e9aire, chimique\u2026), Ouvry (Lyon 9e) continue de cultiver le Made in France.<\/p>\n<p>L\u2019entreprise, sp\u00e9cialis\u00e9e dans les \u00e9quipements de protection individuelle NRBC (1) a confirm\u00e9 la r\u00e9-internalisation de la production de sa gourde baptis\u00e9e&#8230;<\/p>\n","protected":false},"excerpt":{"rendered":"S\u2019adressant \u00e0 des publics militaires et civils sur les march\u00e9s de la d\u00e9fense et des forces de l\u2019ordre,&hellip;\n","protected":false},"author":2,"featured_media":342040,"comment_status":"","ping_status":"","sticky":false,"template":"","format":"standard","meta":{"footnotes":""},"categories":[1889],"tags":[1111,11,2430,3206,33,2757,1777,674,107,1011,27,693,2428,2756,12,25,2429,4604,216],"class_list":{"0":"post-342039","1":"post","2":"type-post","3":"status-publish","4":"format-standard","5":"has-post-thumbnail","7":"category-lyon","8":"tag-actu","9":"tag-actualites","10":"tag-auvergne-rhone-alpes","11":"tag-defense-guerre-conflit","12":"tag-economie","13":"tag-edition-lyon-villeurbanne","14":"tag-eu","15":"tag-europe","16":"tag-fil-info","17":"tag-fr","18":"tag-france","19":"tag-industrie","20":"tag-lyon","21":"tag-lyon-bassin","22":"tag-news","23":"tag-republique-francaise","24":"tag-rhone","25":"tag-selection-abonne","26":"tag-vie-des-entreprises"},"share_on_mastodon":{"url":"https:\/\/pubeurope.com\/@fr\/115087571947494384","error":""},"_links":{"self":[{"href":"https:\/\/www.europesays.com\/fr\/wp-json\/wp\/v2\/posts\/342039","targetHints":{"allow":["GET"]}}],"collection":[{"href":"https:\/\/www.europesays.com\/fr\/wp-json\/wp\/v2\/posts"}],"about":[{"href":"https:\/\/www.europesays.com\/fr\/wp-json\/wp\/v2\/types\/post"}],"author":[{"embeddable":true,"href":"https:\/\/www.europesays.com\/fr\/wp-json\/wp\/v2\/users\/2"}],"replies":[{"embeddable":true,"href":"https:\/\/www.europesays.com\/fr\/wp-json\/wp\/v2\/comments?post=342039"}],"version-history":[{"count":0,"href":"https:\/\/www.europesays.com\/fr\/wp-json\/wp\/v2\/posts\/342039\/revisions"}],"wp:featuredmedia":[{"embeddable":true,"href":"https:\/\/www.europesays.com\/fr\/wp-json\/wp\/v2\/media\/342040"}],"wp:attachment":[{"href":"https:\/\/www.europesays.com\/fr\/wp-json\/wp\/v2\/media?parent=342039"}],"wp:term":[{"taxonomy":"category","embeddable":true,"href":"https:\/\/www.europesays.com\/fr\/wp-json\/wp\/v2\/categories?post=342039"},{"taxonomy":"post_tag","embeddable":true,"href":"https:\/\/www.europesays.com\/fr\/wp-json\/wp\/v2\/tags?post=342039"}],"curies":[{"name":"wp","href":"https:\/\/api.w.org\/{rel}","templated":true}]}}