{"id":342041,"date":"2025-08-25T04:42:33","date_gmt":"2025-08-25T04:42:33","guid":{"rendered":"https:\/\/www.europesays.com\/fr\/342041\/"},"modified":"2025-08-25T04:42:33","modified_gmt":"2025-08-25T04:42:33","slug":"un-incendie-se-declare-au-sud-de-lyon-la-circulation-reprend-a-la-gare-part-dieu","status":"publish","type":"post","link":"https:\/\/www.europesays.com\/fr\/342041\/","title":{"rendered":"Un incendie se d\u00e9clare au Sud de Lyon : la circulation reprend \u00e0 la gare Part-Dieu"},"content":{"rendered":"<p>                            <img loading=\"lazy\" width=\"770\" height=\"433\" class=\"attachment-article size-article wp-post-image lazyload\" alt=\"Gare SNCF Lyon TGV\" decoding=\"async\" src=\"https:\/\/www.europesays.com\/fr\/wp-content\/uploads\/2025\/05\/Gare-de-la-part1dieu-\u00a9-Tim-Douet_0040-001-770x433.jpg\"  data- data-eio-rwidth=\"770\" data-eio-rheight=\"433\"\/><\/p>\n<p>Gare de la Part-Dieu \u00a9 Tim Douet<\/p>\n<p class=\"content\" style=\"font-size:1.2em;font-weight:700\">Un feu s\u2019est d\u00e9clar\u00e9 ce dimanche 24 ao\u00fbt pr\u00e8s de la voie ferr\u00e9e \u00e0 hauteur de Crest dans la Dr\u00f4me. Plusieurs retards annonc\u00e9s \u00e0 la gare Lyon Part-Dieu.<\/p>\n<p><strong>Mise \u00e0 jour \u00e0 14h40 :<\/strong> le feu est \u00e9teint et la circulation des trains \u00e0 pu reprendre. <\/p>\n<p>Un incendie est en cours pr\u00e8s de la voie ferr\u00e9e \u00e0 hauteur de Crest, dans la Dr\u00f4me, au sud de Lyon, impactant les d\u00e9parts et arriv\u00e9es \u00e0 la gare de Lyon Part-Dieu ce dimanche 24 ao\u00fbt. Un important dispositif a \u00e9t\u00e9 d\u00e9ploy\u00e9 sur place, mais les retards s\u2019accumulent. Une heure de retard est parfois annonc\u00e9e pour certains trains.<\/p>\n<p>Le site de la SNCF indique par ailleurs que certains trains emprunteront d\u2019autres itin\u00e9raires pour atteindre leur destination. Ce sera par exemple le cas pour les trains \u00e0 destination de Lille et Bruxelles.<\/p>\n<p>Plus d&rsquo;informations sur le site de la <a href=\"https:\/\/www.ter.sncf.com\/auvergne-rhone-alpes\/se-deplacer\/prochains-departs\/lyon-part-dieu-87723197?selectedLine=panel-current-14%3A00-Lille+Europe-5066\" target=\"_blank\" rel=\"noreferrer noopener nofollow\">SNCF<\/a>. <\/p>\n","protected":false},"excerpt":{"rendered":"Gare de la Part-Dieu \u00a9 Tim Douet Un feu s\u2019est d\u00e9clar\u00e9 ce dimanche 24 ao\u00fbt pr\u00e8s de la&hellip;\n","protected":false},"author":2,"featured_media":110666,"comment_status":"","ping_status":"","sticky":false,"template":"","format":"standard","meta":{"footnotes":""},"categories":[1889],"tags":[1111,11,2430,1777,674,1011,27,2428,12,25],"class_list":{"0":"post-342041","1":"post","2":"type-post","3":"status-publish","4":"format-standard","5":"has-post-thumbnail","7":"category-lyon","8":"tag-actu","9":"tag-actualites","10":"tag-auvergne-rhone-alpes","11":"tag-eu","12":"tag-europe","13":"tag-fr","14":"tag-france","15":"tag-lyon","16":"tag-news","17":"tag-republique-francaise"},"share_on_mastodon":{"url":"https:\/\/pubeurope.com\/@fr\/115087576110567219","error":""},"_links":{"self":[{"href":"https:\/\/www.europesays.com\/fr\/wp-json\/wp\/v2\/posts\/342041","targetHints":{"allow":["GET"]}}],"collection":[{"href":"https:\/\/www.europesays.com\/fr\/wp-json\/wp\/v2\/posts"}],"about":[{"href":"https:\/\/www.europesays.com\/fr\/wp-json\/wp\/v2\/types\/post"}],"author":[{"embeddable":true,"href":"https:\/\/www.europesays.com\/fr\/wp-json\/wp\/v2\/users\/2"}],"replies":[{"embeddable":true,"href":"https:\/\/www.europesays.com\/fr\/wp-json\/wp\/v2\/comments?post=342041"}],"version-history":[{"count":0,"href":"https:\/\/www.europesays.com\/fr\/wp-json\/wp\/v2\/posts\/342041\/revisions"}],"wp:featuredmedia":[{"embeddable":true,"href":"https:\/\/www.europesays.com\/fr\/wp-json\/wp\/v2\/media\/110666"}],"wp:attachment":[{"href":"https:\/\/www.europesays.com\/fr\/wp-json\/wp\/v2\/media?parent=342041"}],"wp:term":[{"taxonomy":"category","embeddable":true,"href":"https:\/\/www.europesays.com\/fr\/wp-json\/wp\/v2\/categories?post=342041"},{"taxonomy":"post_tag","embeddable":true,"href":"https:\/\/www.europesays.com\/fr\/wp-json\/wp\/v2\/tags?post=342041"}],"curies":[{"name":"wp","href":"https:\/\/api.w.org\/{rel}","templated":true}]}}