{"id":342042,"date":"2025-08-25T04:45:12","date_gmt":"2025-08-25T04:45:12","guid":{"rendered":"https:\/\/www.europesays.com\/fr\/342042\/"},"modified":"2025-08-25T04:45:12","modified_gmt":"2025-08-25T04:45:12","slug":"les-campings-de-seine-et-marne-affichent-complet","status":"publish","type":"post","link":"https:\/\/www.europesays.com\/fr\/342042\/","title":{"rendered":"les campings de Seine-et-Marne affichent complet"},"content":{"rendered":"<p class=\"article__intro\">La fr\u00e9quentation des campings est en hausse en France : + 2.5% par rapport \u00e0 l&rsquo;an dernier. Si les familles fran\u00e7aises restent fid\u00e8les, ces lieux attirent de plus en plus de touristes \u00e9trangers qui viennent y planter leur tente.<\/p>\n<p>\n      L\u2019actu des r\u00e9gions\n    <\/p>\n<p>\n      Chaque jour, un tour d\u2019horizon des principales infos de toutes les r\u00e9gions.\n    <\/p>\n<p>    France T\u00e9l\u00e9visions utilise votre adresse e-mail afin de vous envoyer la newsletter \u00ab\u00a0L\u2019actu des r\u00e9gions\u00a0\u00bb. Vous pouvez vous d\u00e9sinscrire \u00e0 tout moment via le lien en bas de cette newsletter. <a target=\"_blank\" href=\"https:\/\/www.francetelevisions.fr\/groupe\/confidentialite\/politique-de-confidentialite\/politique-de-confidentialite-de-france-televisions-6503\" rel=\"nofollow noopener\">Notre politique de confidentialit\u00e9<\/a><\/p>\n<p>Vue imprenable sur la verdure, id\u00e9ale pour un repas en terrasse. C&rsquo;est le quatri\u00e8me jour de vacances en Seine-et-Marne pour des touristes philippins dans ce camping de Cr\u00e9cy-la-Chapelle : \u00ab\u00a0C&rsquo;est la premi\u00e8re fois qu&rsquo;on vient ici. Ce n&rsquo;est pas cher pour un week-end en plein air avec les enfants.\u00a0\u00bb<\/p>\n<p>Terrains de jeu, piscine, golf et surtout Disneyland Paris \u00e0 proximit\u00e9. Ce camping affiche complet depuis deux mois. Les r\u00e9servations sont en hausse de 20% par rapport \u00e0 l&rsquo;an dernier.<\/p>\n<p>\u00ab\u00a0Nous avons deux types de client\u00e8les, la client\u00e8le des \u00e9trangers qui viennent d&rsquo;Espagne, des Pays-Bas, du Portugal, d&rsquo;un peu de partout. Tous les jours nous avons une cinquantaine de d\u00e9parts et une cinquantaine d&rsquo;arriv\u00e9es\u00a0\u00bb, explique Philippe Wawer, directeur du lieu.<\/p>\n<p>Et parmi les modes d&rsquo;h\u00e9bergement pris\u00e9s par les clients, des mobile homes. Comptez 450 euros le week-end, tout confort, pour six personnes.<\/p>\n<p>\u00ab\u00a0On a des TV dans chaque chambre, et le service h\u00f4telier propose des draps et des serviettes inclus dans les mobile homes. Ils peuvent bien dormir et pas dans des tentes ou ailleurs\u00a0\u00bb, raconte Yoshna Pandoo, responsable du site.<\/p>\n<p>La fr\u00e9quentation est dop\u00e9e par une client\u00e8le venue d&rsquo;Europe du Nord, mais aussi par des Parisiens soucieux de prolonger les vacances \u00e0 c\u00f4t\u00e9 de la maison.<\/p>\n<p>\u00ab\u00a0Rouler 800 km ou 700 km, les gares sont pleines, les trains n&rsquo;ont pas de place, les avions sont chers. Donc pour nous, en voiture, c&rsquo;est 50 minutes. Et puis \u00e7a ne co\u00fbte pas cher\u00a0\u00bb, d\u00e9clare L\u00e9on Melkonian, un r\u00e9sident.<\/p>\n<p>Se mettre au vert 2, 3 nuits maximum : la formule semble d\u00e9sormais pl\u00e9biscit\u00e9e. Loin des h\u00f4tels et des locations meubl\u00e9es.<\/p>\n<p>\u00ab\u00a0En une petite heure, on est de Paris \u00e0 ici et on se prom\u00e8ne comme \u00e7a, en saut de piste, de camping en camping. On d\u00e9couvre \u00e0 chaque fois un endroit diff\u00e9rent\u00a0\u00bb, affirme Sandrine Zena, une r\u00e9sidente.<\/p>\n<p>Dans ce camping, septembre s&rsquo;annonce tout aussi favorable en termes de fr\u00e9quentation. Enfin, cela d\u00e9pendra de la m\u00e9t\u00e9o.<\/p>\n","protected":false},"excerpt":{"rendered":"La fr\u00e9quentation des campings est en hausse en France : + 2.5% par rapport \u00e0 l&rsquo;an dernier. Si&hellip;\n","protected":false},"author":2,"featured_media":342043,"comment_status":"","ping_status":"","sticky":false,"template":"","format":"standard","meta":{"footnotes":""},"categories":[1888],"tags":[1111,1928,11,1927,1777,674,1011,27,12,1926,626,1925,25],"class_list":{"0":"post-342042","1":"post","2":"type-post","3":"status-publish","4":"format-standard","5":"has-post-thumbnail","7":"category-paris","8":"tag-actu","9":"tag-actu-paris","10":"tag-actualites","11":"tag-actualites-paris","12":"tag-eu","13":"tag-europe","14":"tag-fr","15":"tag-france","16":"tag-news","17":"tag-news-paris","18":"tag-paris","19":"tag-paris-news","20":"tag-republique-francaise"},"share_on_mastodon":{"url":"https:\/\/pubeurope.com\/@fr\/115087587667503419","error":""},"_links":{"self":[{"href":"https:\/\/www.europesays.com\/fr\/wp-json\/wp\/v2\/posts\/342042","targetHints":{"allow":["GET"]}}],"collection":[{"href":"https:\/\/www.europesays.com\/fr\/wp-json\/wp\/v2\/posts"}],"about":[{"href":"https:\/\/www.europesays.com\/fr\/wp-json\/wp\/v2\/types\/post"}],"author":[{"embeddable":true,"href":"https:\/\/www.europesays.com\/fr\/wp-json\/wp\/v2\/users\/2"}],"replies":[{"embeddable":true,"href":"https:\/\/www.europesays.com\/fr\/wp-json\/wp\/v2\/comments?post=342042"}],"version-history":[{"count":0,"href":"https:\/\/www.europesays.com\/fr\/wp-json\/wp\/v2\/posts\/342042\/revisions"}],"wp:featuredmedia":[{"embeddable":true,"href":"https:\/\/www.europesays.com\/fr\/wp-json\/wp\/v2\/media\/342043"}],"wp:attachment":[{"href":"https:\/\/www.europesays.com\/fr\/wp-json\/wp\/v2\/media?parent=342042"}],"wp:term":[{"taxonomy":"category","embeddable":true,"href":"https:\/\/www.europesays.com\/fr\/wp-json\/wp\/v2\/categories?post=342042"},{"taxonomy":"post_tag","embeddable":true,"href":"https:\/\/www.europesays.com\/fr\/wp-json\/wp\/v2\/tags?post=342042"}],"curies":[{"name":"wp","href":"https:\/\/api.w.org\/{rel}","templated":true}]}}