{"id":342044,"date":"2025-08-25T04:46:19","date_gmt":"2025-08-25T04:46:19","guid":{"rendered":"https:\/\/www.europesays.com\/fr\/342044\/"},"modified":"2025-08-25T04:46:19","modified_gmt":"2025-08-25T04:46:19","slug":"frederique-bredin-ps-demande-un-report-du-scrutin-a-debut-octobre","status":"publish","type":"post","link":"https:\/\/www.europesays.com\/fr\/342044\/","title":{"rendered":"Fr\u00e9d\u00e9rique Bredin (PS) demande un report du scrutin \u00e0 d\u00e9but octobre"},"content":{"rendered":"<p>\u00ab\u00a0J\u2019en appelle \u00e0 vous pour vous demander de bien vouloir modifier le d\u00e9cret initial par lequel vous avez arr\u00eat\u00e9 les dates de l\u2019\u00e9lection l\u00e9gislative partielle de la 2e circonscription de Paris, afin de les aligner sur celles retenues pour la 1re circonscription du Tarn-et-Garonne\u00a0: les 5 et 12\u00a0octobre\u00a0\u00bb, \u00e9crit l\u2019ancienne ministre de Fran\u00e7ois Mitterrand dans un courrier au Premier ministre, dat\u00e9 du 18\u00a0ao\u00fbt.<\/p>\n<p>Mme Bredin est candidate au si\u00e8ge de d\u00e9put\u00e9 de la 2e circonscription, \u00e0 cheval sur les Ve, VIe et VIIe arrondissements, o\u00f9 l\u2019\u00e9lection du d\u00e9put\u00e9 macroniste Jean Laussucq a \u00e9t\u00e9 invalid\u00e9e le 11\u00a0juillet par le Conseil constitutionnel pour irr\u00e9gularit\u00e9s dans ses comptes de campagne. Le code \u00e9lectoral pr\u00e9voit un d\u00e9lai de trois mois pour convoquer de nouvelles \u00e9lections.<\/p>\n<p>D\u00e9lai trop court<\/p>\n<p>S\u2019\u00e9tonnant d\u2019un d\u00e9lai retenu \u00ab\u00a0aussi court et cela pour la seule circonscription parisienne\u00a0\u00bb, la socialiste rappelle aussi que l\u2019\u00e9lection l\u00e9gislative partielle pr\u00e9vue dans la 5e circonscription des Fran\u00e7ais de l\u2019\u00e9tranger est, elle, pr\u00e9vue les 28\u00a0septembre et 12\u00a0octobre.<\/p>\n<p>\u00ab\u00a0Compte tenu des dates que vous avez fix\u00e9es [\u2026], les habitants et les candidats de la 2e circonscription parisienne disposent, de ce fait, de deux semaines de campagne de moins [\u2026], ce qui signifie moins de temps d\u2019information, de rencontres et de d\u00e9bats\u00a0\u00bb, plaide-t-elle.<\/p>\n<p>Pour cette \u00e9lection, Fr\u00e9d\u00e9rique Bredin, 68\u00a0ans, sera oppos\u00e9e \u00e0 l\u2019\u00e9ph\u00e9m\u00e8re ex-Premier ministre Michel Barnier, investi par LR, et \u00e0 la candidature dissidente de Rachida Dati, qui brigue la mairie de Paris en 2026. Mme Bredin pointe \u00e9galement le calendrier des Journ\u00e9es europ\u00e9ennes du patrimoine, qui se d\u00e9rouleront le week-end du 1er tour.<\/p>\n<p>En tant que ministre de la Culture, Rachida Dati sera \u00ab\u00a0amen\u00e9e \u00e0 s\u2019engager publiquement dans le lancement et l\u2019accompagnement, dans les m\u00e9dias et devant les cam\u00e9ras, de cet \u00e9v\u00e9nement majeur de son minist\u00e8re durant les deux jours [\u2026] o\u00f9 la cl\u00f4ture de la campagne officielle pour le premier tour fera en revanche obligation aux autres candidats de ne plus s\u2019exprimer\u00a0\u00bb, rel\u00e8ve Mme Bredin.<\/p>\n<p>L\u2019ex-ministre rappelle enfin que la date du proc\u00e8s de Mme Dati, renvoy\u00e9e pour corruption et trafic d\u2019influence, devrait \u00eatre connue le 29\u00a0septembre, soit le lendemain du second tour.<\/p>\n","protected":false},"excerpt":{"rendered":"\u00ab\u00a0J\u2019en appelle \u00e0 vous pour vous demander de bien vouloir modifier le d\u00e9cret initial par lequel vous avez&hellip;\n","protected":false},"author":2,"featured_media":301702,"comment_status":"","ping_status":"","sticky":false,"template":"","format":"standard","meta":{"footnotes":""},"categories":[1888],"tags":[1111,1928,11,1927,1777,674,1011,27,12,1926,626,1925,25],"class_list":{"0":"post-342044","1":"post","2":"type-post","3":"status-publish","4":"format-standard","5":"has-post-thumbnail","7":"category-paris","8":"tag-actu","9":"tag-actu-paris","10":"tag-actualites","11":"tag-actualites-paris","12":"tag-eu","13":"tag-europe","14":"tag-fr","15":"tag-france","16":"tag-news","17":"tag-news-paris","18":"tag-paris","19":"tag-paris-news","20":"tag-republique-francaise"},"share_on_mastodon":{"url":"https:\/\/pubeurope.com\/@fr\/115087591591453836","error":""},"_links":{"self":[{"href":"https:\/\/www.europesays.com\/fr\/wp-json\/wp\/v2\/posts\/342044","targetHints":{"allow":["GET"]}}],"collection":[{"href":"https:\/\/www.europesays.com\/fr\/wp-json\/wp\/v2\/posts"}],"about":[{"href":"https:\/\/www.europesays.com\/fr\/wp-json\/wp\/v2\/types\/post"}],"author":[{"embeddable":true,"href":"https:\/\/www.europesays.com\/fr\/wp-json\/wp\/v2\/users\/2"}],"replies":[{"embeddable":true,"href":"https:\/\/www.europesays.com\/fr\/wp-json\/wp\/v2\/comments?post=342044"}],"version-history":[{"count":0,"href":"https:\/\/www.europesays.com\/fr\/wp-json\/wp\/v2\/posts\/342044\/revisions"}],"wp:featuredmedia":[{"embeddable":true,"href":"https:\/\/www.europesays.com\/fr\/wp-json\/wp\/v2\/media\/301702"}],"wp:attachment":[{"href":"https:\/\/www.europesays.com\/fr\/wp-json\/wp\/v2\/media?parent=342044"}],"wp:term":[{"taxonomy":"category","embeddable":true,"href":"https:\/\/www.europesays.com\/fr\/wp-json\/wp\/v2\/categories?post=342044"},{"taxonomy":"post_tag","embeddable":true,"href":"https:\/\/www.europesays.com\/fr\/wp-json\/wp\/v2\/tags?post=342044"}],"curies":[{"name":"wp","href":"https:\/\/api.w.org\/{rel}","templated":true}]}}