{"id":342048,"date":"2025-08-25T04:49:11","date_gmt":"2025-08-25T04:49:11","guid":{"rendered":"https:\/\/www.europesays.com\/fr\/342048\/"},"modified":"2025-08-25T04:49:11","modified_gmt":"2025-08-25T04:49:11","slug":"la-detresse-des-parents-de-laurent-vinatier-avant-son-audience-pour-espionnage-en-russie","status":"publish","type":"post","link":"https:\/\/www.europesays.com\/fr\/342048\/","title":{"rendered":"La d\u00e9tresse des parents de Laurent Vinatier avant son audience pour espionnage en Russie"},"content":{"rendered":"<p>        <img decoding=\"async\" loading=\"lazy\" src=\"https:\/\/www.europesays.com\/fr\/wp-content\/uploads\/2025\/08\/c789c7d_1726510701643-000-36gc3my.jpg\"  width=\"728\" height=\"410\" alt=\"Laurent Vinatier, un chercheur fran\u00e7ais accus\u00e9 d\u2019avoir recueilli des informations militaires russes sans s\u2019\u00eatre enregistr\u00e9 comme \u00ab\u00a0agent \u00e9tranger\u00a0\u00bb, le 3\u00a0septembre 2024.(Photo by Alexander NEMENOV \/ AFP)\"\/>  <\/p>\n<p>ALEXANDER NEMENOV \/ AFP<\/p>\n<p>Laurent Vinatier, un chercheur fran\u00e7ais accus\u00e9 d\u2019avoir recueilli des informations militaires russes sans s\u2019\u00eatre enregistr\u00e9 comme \u00ab\u00a0agent \u00e9tranger\u00a0\u00bb, le 3\u00a0septembre 2024.(Photo by Alexander NEMENOV \/ AFP)<\/p>\n<p class=\"asset asset-text\">INTERNATIONAL &#8211; Il est enferm\u00e9 dans une ge\u00f4le russe depuis plus d\u2019un an. Le chercheur fran\u00e7ais <a href=\"https:\/\/www.huffingtonpost.fr\/international\/article\/laurent-vinatier-chercheur-francais-detenu-depuis-juin-en-russie-ecope-de-trois-ans-de-prison_240865.html\" target=\"_blank\" rel=\"noopener\" title=\"Nouvelle fen\u00eatre\">Laurent\u00a0Vinatier <\/a>purge une peine de trois ans dans une prison \u00e0 <a href=\"https:\/\/www.huffingtonpost.fr\/international\/article\/trump-a-t-il-encourage-zelensky-a-frapper-moscou-le-president-des-etats-unis-repond-aux-accusations_252634.html\" target=\"_blank\" rel=\"noopener\" title=\"Nouvelle fen\u00eatre\">Moscou<\/a>. Convoqu\u00e9 pour une nouvelle audience ce lundi 25\u00a0ao\u00fbt, il fait d\u00e9sormais l\u2019objet d\u2019une enqu\u00eate pour espionnage, un chef d\u2019accusation passible d\u2019une peine pouvant aller jusqu\u2019\u00e0 20\u00a0ans de prison. Avant cette \u00e9ch\u00e9ance, ses parents ont d\u00e9cid\u00e9 de prendre la parole et de partager leur d\u00e9tresse <a href=\"https:\/\/www.franceinfo.fr\/replay-jt\/france-2\/20-heures\/francais-emprisonne-en-russie-les-parents-de-laurent-vinatier-temoignent_7452559.html#:~:text=Accus%C3%A9%20d\u2019%C3%AAtre%20un%20espion%20fran%C3%A7ais&amp;text=%22Notre%20fils%20espion%2C%20c\u2019,Alain%20Vinatier%2C%20p%C3%A8re%20de%20Laurent\" target=\"_blank\" rel=\"noopener\" title=\"Nouvelle fen\u00eatre\">aux journalistes de France T\u00e9l\u00e9visions.<\/a><\/p>\n<p class=\"asset asset-text\">Dans un reportage diffus\u00e9 au JT de France 2\u00a0ce dimanche 24\u00a0ao\u00fbt, la m\u00e8re de Laurent Vinatier explique ne pas vouloir \u00ab\u00a0imaginer\u00a0\u00bb que son fils puisse \u00eatre condamn\u00e9 \u00e0 20\u00a0ans de prison. \u00ab\u00a0De toute fa\u00e7on, si Laurent est d\u00e9tenu pendant 20\u00a0ans, on ne le reverra plus de notre vie puisqu\u2019on sera morts, c\u2019est certain, vu notre \u00e2ge. C\u2019est inimaginable\u00a0\u00bb, d\u00e9plore Brigitte Vinatier, assise sur un canap\u00e9 de l\u2019appartement familial \u00e0 c\u00f4t\u00e9 de son mari. Un logement o\u00f9 des photos de Laurent Vinatier sont accroch\u00e9es partout.<\/p>\n<p class=\"asset asset-text\">Et Brigitte Vinatier poursuit dans ce reportage\u00a0: \u00ab\u00a0Notre fils espion, c\u2019est absolument absurde quand on sait qu\u2019il travaille pour une ONG o\u00f9 tout ce qui est fait est absolument transparent.\u00a0\u00bb Son mari compl\u00e8te\u00a0: \u00ab\u00a0Pour un Russe, d\u00e8s qu\u2019on est \u00e9tranger, on est espion\u00a0\u00bb. Les parents parviennent \u00e0 communiquer avec leur fils gr\u00e2ce \u00e0 des lettres, qu\u2019ils savent relues par les autorit\u00e9s russes.<\/p>\n<p>    Accus\u00e9 d\u2019avoir enfreint la loi sur les \u00ab\u00a0agents \u00e9trangers\u00a0\u00bb    <\/p>\n<p class=\"asset asset-text\">Avant d\u2019\u00eatre interpell\u00e9 \u00e0 Moscou en juin\u00a02024, Laurent\u00a0Vinatier travaillait en effet comme conseiller au Centre pour le dialogue humanitaire, une ONG suisse de m\u00e9diation dans les conflits. Devant le tribunal, ce chercheur chevronn\u00e9 a d\u00e9clar\u00e9 que dans son travail, il s\u2019\u00e9tait toujours efforc\u00e9 de \u00ab\u00a0pr\u00e9senter les int\u00e9r\u00eats de la Russie dans les relations internationales\u00a0\u00bb.<\/p>\n<p class=\"asset asset-text\">Le chercheur de 49\u00a0ans fait partie d\u2019un groupe d\u2019Occidentaux arr\u00eat\u00e9s en Russie alors que les tensions diplomatiques s\u2019intensifiaient autour de l\u2019Ukraine. Il a \u00e9t\u00e9 reconnu coupable d\u2019avoir recueilli des informations sur l\u2019arm\u00e9e russe et d\u2019avoir enfreint la loi sur les \u00ab\u00a0agents \u00e9trangers\u00a0\u00bb, car il ne s\u2019\u00e9tait pas enregistr\u00e9 en tant que tel.<\/p>\n<p class=\"asset asset-text\">Paris a exig\u00e9 de Moscou la lib\u00e9ration de son ressortissant, accusant la Russie de prendre des Occidentaux en otage. Les parents Vinatier esp\u00e8rent d\u00e9sormais que Laurent pourra \u00eatre lib\u00e9r\u00e9 \u00e0 la faveur d\u2019un \u00e9change de prisonniers, contre des Russes d\u00e9tenus \u00e0 l\u2019\u00e9tranger.<\/p>\n","protected":false},"excerpt":{"rendered":"ALEXANDER NEMENOV \/ AFP Laurent Vinatier, un chercheur fran\u00e7ais accus\u00e9 d\u2019avoir recueilli des informations militaires russes sans s\u2019\u00eatre&hellip;\n","protected":false},"author":2,"featured_media":342049,"comment_status":"","ping_status":"","sticky":false,"template":"","format":"standard","meta":{"footnotes":""},"categories":[1591],"tags":[11,7079,4777,1887,14,12,806,1885,1886,132],"class_list":{"0":"post-342048","1":"post","2":"type-post","3":"status-publish","4":"format-standard","5":"has-post-thumbnail","7":"category-russie","8":"tag-actualites","9":"tag-chercheurs","10":"tag-espionnage","11":"tag-federation-de-russie","12":"tag-international","13":"tag-news","14":"tag-prison","15":"tag-russia","16":"tag-russian-federation","17":"tag-russie"},"share_on_mastodon":{"url":"https:\/\/pubeurope.com\/@fr\/115087603442866747","error":""},"_links":{"self":[{"href":"https:\/\/www.europesays.com\/fr\/wp-json\/wp\/v2\/posts\/342048","targetHints":{"allow":["GET"]}}],"collection":[{"href":"https:\/\/www.europesays.com\/fr\/wp-json\/wp\/v2\/posts"}],"about":[{"href":"https:\/\/www.europesays.com\/fr\/wp-json\/wp\/v2\/types\/post"}],"author":[{"embeddable":true,"href":"https:\/\/www.europesays.com\/fr\/wp-json\/wp\/v2\/users\/2"}],"replies":[{"embeddable":true,"href":"https:\/\/www.europesays.com\/fr\/wp-json\/wp\/v2\/comments?post=342048"}],"version-history":[{"count":0,"href":"https:\/\/www.europesays.com\/fr\/wp-json\/wp\/v2\/posts\/342048\/revisions"}],"wp:featuredmedia":[{"embeddable":true,"href":"https:\/\/www.europesays.com\/fr\/wp-json\/wp\/v2\/media\/342049"}],"wp:attachment":[{"href":"https:\/\/www.europesays.com\/fr\/wp-json\/wp\/v2\/media?parent=342048"}],"wp:term":[{"taxonomy":"category","embeddable":true,"href":"https:\/\/www.europesays.com\/fr\/wp-json\/wp\/v2\/categories?post=342048"},{"taxonomy":"post_tag","embeddable":true,"href":"https:\/\/www.europesays.com\/fr\/wp-json\/wp\/v2\/tags?post=342048"}],"curies":[{"name":"wp","href":"https:\/\/api.w.org\/{rel}","templated":true}]}}