{"id":342050,"date":"2025-08-25T04:50:11","date_gmt":"2025-08-25T04:50:11","guid":{"rendered":"https:\/\/www.europesays.com\/fr\/342050\/"},"modified":"2025-08-25T04:50:11","modified_gmt":"2025-08-25T04:50:11","slug":"lincertitude-grandit-sur-la-tenue-dun-sommet-entre-poutine-et-zelensky","status":"publish","type":"post","link":"https:\/\/www.europesays.com\/fr\/342050\/","title":{"rendered":"L\u2019incertitude grandit sur la tenue d\u2019un sommet entre Poutine et Zelensky\u2026"},"content":{"rendered":"<p>La mise en garde de Mark Carney sur les intentions russes<\/p>\n<p>Invit\u00e9 \u00e0 Kiev dimanche, le Premier ministre canadien Mark Carney a mis en garde sur le fait que, selon lui, l\u2019invasion russe de l\u2019Ukraine \u00ab\u00a0ne s\u2019arr\u00eatera pas l\u00e0\u00a0\u00bb, si elle reste \u00ab\u00a0sans r\u00e9ponse\u00a0\u00bb des alli\u00e9s de ce pays.<\/p>\n<p>\u00ab\u00a0Nous devons continuer \u00e0 faire pression sur la Russie pour qu\u2019elle mette fin \u00e0 cette guerre, pour qu\u2019elle y mette fin dans la dignit\u00e9, avec une s\u00e9curit\u00e9 et une paix garanties. Cela n\u2019est possible que gr\u00e2ce \u00e0 la force combin\u00e9e de tous ceux qui, dans le monde, veulent la paix et respectent le droit international. Le format des pourparlers entre dirigeants est le moyen le plus efficace d\u2019aller de l\u2019avant\u00a0\u00bb, a de son c\u00f4t\u00e9 dit Volodymyr Zelensky pendant leur conf\u00e9rence de presse commune.<\/p>\n<p>Lavrov calme les ardeurs de Zelensky d\u2019obtenir une rencontre avec Poutine<\/p>\n<p>Volodymyr Zelensky a affirm\u00e9 dimanche, le jour de la f\u00eate de l\u2019ind\u00e9pendance de l\u2019Ukraine, qu\u2019une rencontre avec Vladimir Poutine constituait le moyen \u00ab\u00a0le plus efficace pour avancer\u00a0\u00bb. Mais le chef de la diplomatie russe, Sergue\u00ef Lavrov, a d\u00e9nonc\u00e9 la position du chef de l\u2019Etat ukrainien qui \u00ab\u00a0s\u2019ent\u00eate, pose des conditions, r\u00e9clame co\u00fbte que co\u00fbte\u00a0\u00bb cette rencontre.<\/p>\n<p>Bienvenue dans ce nouveau Live<\/p>\n<p>Bonjour \u00e0 toutes et \u00e0 tous. Comme chaque jour, la r\u00e9daction de 20 Minutes est mobilis\u00e9e pour vous donner l\u2019ensemble des informations sur le conflit entre Kiev et Moscou.<\/p>\n<p>Si le sommet lundi dernier entre Donald Trump, Volodymyr Zelensky et des dirigeants europ\u00e9ens avait permis de laisser entrevoir une prochaine rencontre entre le pr\u00e9sident ukrainien et Vladimir Poutine, depuis, cette perspective semble chaque jour s\u2019\u00e9loigner un peu plus. Les efforts diplomatiques pour r\u00e9gler le conflit s\u2019enlisent, notamment sur la question extr\u00eamement sensible des territoires que la Russie voudrait officiellement obtenir en Ukraine.<\/p>\n","protected":false},"excerpt":{"rendered":"La mise en garde de Mark Carney sur les intentions russes Invit\u00e9 \u00e0 Kiev dimanche, le Premier ministre&hellip;\n","protected":false},"author":2,"featured_media":342051,"comment_status":"","ping_status":"","sticky":false,"template":"","format":"standard","meta":{"footnotes":""},"categories":[1590],"tags":[47,11,75,73,1777,674,131,74,12,132,220,133,135,134],"class_list":{"0":"post-342050","1":"post","2":"type-post","3":"status-publish","4":"format-standard","5":"has-post-thumbnail","7":"category-ukraine","8":"tag-actualite","9":"tag-actualites","10":"tag-donald-trump","11":"tag-etats-unis","12":"tag-eu","13":"tag-europe","14":"tag-guerre-en-ukraine","15":"tag-monde","16":"tag-news","17":"tag-russie","18":"tag-ukraine","19":"tag-video","20":"tag-vladimir-poutine","21":"tag-volodymyr-zelensky"},"share_on_mastodon":{"url":"https:\/\/pubeurope.com\/@fr\/115087607304596667","error":""},"_links":{"self":[{"href":"https:\/\/www.europesays.com\/fr\/wp-json\/wp\/v2\/posts\/342050","targetHints":{"allow":["GET"]}}],"collection":[{"href":"https:\/\/www.europesays.com\/fr\/wp-json\/wp\/v2\/posts"}],"about":[{"href":"https:\/\/www.europesays.com\/fr\/wp-json\/wp\/v2\/types\/post"}],"author":[{"embeddable":true,"href":"https:\/\/www.europesays.com\/fr\/wp-json\/wp\/v2\/users\/2"}],"replies":[{"embeddable":true,"href":"https:\/\/www.europesays.com\/fr\/wp-json\/wp\/v2\/comments?post=342050"}],"version-history":[{"count":0,"href":"https:\/\/www.europesays.com\/fr\/wp-json\/wp\/v2\/posts\/342050\/revisions"}],"wp:featuredmedia":[{"embeddable":true,"href":"https:\/\/www.europesays.com\/fr\/wp-json\/wp\/v2\/media\/342051"}],"wp:attachment":[{"href":"https:\/\/www.europesays.com\/fr\/wp-json\/wp\/v2\/media?parent=342050"}],"wp:term":[{"taxonomy":"category","embeddable":true,"href":"https:\/\/www.europesays.com\/fr\/wp-json\/wp\/v2\/categories?post=342050"},{"taxonomy":"post_tag","embeddable":true,"href":"https:\/\/www.europesays.com\/fr\/wp-json\/wp\/v2\/tags?post=342050"}],"curies":[{"name":"wp","href":"https:\/\/api.w.org\/{rel}","templated":true}]}}