{"id":342052,"date":"2025-08-25T04:51:11","date_gmt":"2025-08-25T04:51:11","guid":{"rendered":"https:\/\/www.europesays.com\/fr\/342052\/"},"modified":"2025-08-25T04:51:11","modified_gmt":"2025-08-25T04:51:11","slug":"menacees-de-droits-de-douane-americains-a-50-les-entreprises-indiennes-craignent-un-tsunami-economique","status":"publish","type":"post","link":"https:\/\/www.europesays.com\/fr\/342052\/","title":{"rendered":"Menac\u00e9es de droits de douane am\u00e9ricains \u00e0 50\u00a0%, les entreprises indiennes craignent un \u00ab\u00a0tsunami\u00a0\u00bb \u00e9conomique"},"content":{"rendered":"<p>                         <img loading=\"lazy\" decoding=\"async\" src=\"https:\/\/www.europesays.com\/fr\/wp-content\/uploads\/2025\/08\/c0f3aba_ftp-import-images-1-pbhwaj8qum1h-2025-07-31t115405z-2053610861-rc2kxfajxkjv-rtrmadp-3-usa-tr.jpeg\" alt=\"Un orf\u00e8vre travaille sur un collier en or dans un atelier \u00e0 Ahmedabad (Inde), le 31\u00a0juillet 2025. \"   width=\"664\" height=\"443\"\/>    Un orf\u00e8vre travaille sur un collier en or dans un atelier \u00e0 Ahmedabad (Inde), le 31\u00a0juillet 2025.  AMIT DAVE \/ REUTERS                 <\/p>\n<p class=\"article__paragraph  \">Les exportateurs indiens auraient difficilement pu imaginer pire sc\u00e9nario. En raison des achats de p\u00e9trole russe par New Delhi, les barri\u00e8res douani\u00e8res impos\u00e9es au g\u00e9ant sud-asiatique par les Etats-Unis, <a href=\"https:\/\/www.lemonde.fr\/economie\/article\/2025\/07\/30\/donald-trump-annonce-25-de-droits-de-douane-sur-les-produits-indiens_6625566_3234.html\" rel=\"nofollow noopener\" target=\"_blank\">d\u00e9j\u00e0 \u00e9tablies \u00e0 25\u00a0%<\/a> depuis le 7\u00a0ao\u00fbt, devraient doubler, \u00e0 partir du mercredi 27\u00a0ao\u00fbt, pour atteindre 50\u00a0%.<\/p>\n<p class=\"article__paragraph  \">La mesure, que les \u00e9conomistes de Nomura Holdings comparent \u00e0 un \u00ab\u00a0embargo commercial\u00a0\u00bb, pourrait entra\u00eener un arr\u00eat brutal de certaines exportations et co\u00fbter cher \u00e0 la cinqui\u00e8me puissance \u00e9conomique mondiale. La banque centrale indienne pr\u00e9voit pour l\u2019heure une croissance de 6,5\u00a0% pour\u00a02026, mais l\u2019impact global des droits de douane sur le produit int\u00e9rieur brut pourrait atteindre environ 1\u00a0%, selon Bloomberg Economics.<\/p>\n<p class=\"article__paragraph  \">Les Etats-Unis sont la principale destination des exportations de marchandises indiennes et nombre de petites entreprises pourraient ne pas se relever du coup de massue inflig\u00e9 par le pr\u00e9sident am\u00e9ricain, Donald Trump. Les secteurs \u00e0 forte intensit\u00e9 de main-d\u2019\u0153uvre comme le\u00a0textile, le cuir, les pierres pr\u00e9cieuses et les bijoux, ou encore les fruits de mer, se trouvent en premi\u00e8re ligne.<\/p>\n<p class=\"reading-mode-only \"><strong>Il vous reste 83.88% de cet article \u00e0 lire. La suite est r\u00e9serv\u00e9e aux abonn\u00e9s.<\/strong><\/p>\n","protected":false},"excerpt":{"rendered":"Un orf\u00e8vre travaille sur un collier en or dans un atelier \u00e0 Ahmedabad (Inde), le 31\u00a0juillet 2025. AMIT&hellip;\n","protected":false},"author":2,"featured_media":342053,"comment_status":"","ping_status":"","sticky":false,"template":"","format":"standard","meta":{"footnotes":""},"categories":[1589],"tags":[11,73,1866,12,1864,1865,1863,308],"class_list":{"0":"post-342052","1":"post","2":"type-post","3":"status-publish","4":"format-standard","5":"has-post-thumbnail","7":"category-etats-unis","8":"tag-actualites","9":"tag-etats-unis","10":"tag-etats-unis-damerique","11":"tag-news","12":"tag-united-states","13":"tag-united-states-of-america","14":"tag-us","15":"tag-usa"},"share_on_mastodon":{"url":"https:\/\/pubeurope.com\/@fr\/115087611388964546","error":""},"_links":{"self":[{"href":"https:\/\/www.europesays.com\/fr\/wp-json\/wp\/v2\/posts\/342052","targetHints":{"allow":["GET"]}}],"collection":[{"href":"https:\/\/www.europesays.com\/fr\/wp-json\/wp\/v2\/posts"}],"about":[{"href":"https:\/\/www.europesays.com\/fr\/wp-json\/wp\/v2\/types\/post"}],"author":[{"embeddable":true,"href":"https:\/\/www.europesays.com\/fr\/wp-json\/wp\/v2\/users\/2"}],"replies":[{"embeddable":true,"href":"https:\/\/www.europesays.com\/fr\/wp-json\/wp\/v2\/comments?post=342052"}],"version-history":[{"count":0,"href":"https:\/\/www.europesays.com\/fr\/wp-json\/wp\/v2\/posts\/342052\/revisions"}],"wp:featuredmedia":[{"embeddable":true,"href":"https:\/\/www.europesays.com\/fr\/wp-json\/wp\/v2\/media\/342053"}],"wp:attachment":[{"href":"https:\/\/www.europesays.com\/fr\/wp-json\/wp\/v2\/media?parent=342052"}],"wp:term":[{"taxonomy":"category","embeddable":true,"href":"https:\/\/www.europesays.com\/fr\/wp-json\/wp\/v2\/categories?post=342052"},{"taxonomy":"post_tag","embeddable":true,"href":"https:\/\/www.europesays.com\/fr\/wp-json\/wp\/v2\/tags?post=342052"}],"curies":[{"name":"wp","href":"https:\/\/api.w.org\/{rel}","templated":true}]}}