{"id":342056,"date":"2025-08-25T04:53:09","date_gmt":"2025-08-25T04:53:09","guid":{"rendered":"https:\/\/www.europesays.com\/fr\/342056\/"},"modified":"2025-08-25T04:53:09","modified_gmt":"2025-08-25T04:53:09","slug":"les-armes-ont-toujours-occupe-une-place-centrale-dans-les-relations-germano-israeliennes","status":"publish","type":"post","link":"https:\/\/www.europesays.com\/fr\/342056\/","title":{"rendered":"\u201cLes armes ont toujours occup\u00e9 une place centrale dans les relations germano-isra\u00e9liennes\u201d"},"content":{"rendered":"\n<p><strong>DIE TAGESZEITUNG\u00a0: [Au d\u00e9but du mois d\u2019ao\u00fbt], le chancelier <a href=\"https:\/\/www.courrierinternational.com\/sujet\/friedrich-merz\" target=\"_blank\" rel=\"noopener\">Friedrich Merz <\/a>a annonc\u00e9 <a href=\"https:\/\/www.courrierinternational.com\/article\/geopolitique-l-allemagne-suspend-une-partie-de-ses-exportations-d-armes-vers-israel-un-virage-majeur_233845\" target=\"_blank\" rel=\"noopener\">l\u2019arr\u00eat des livraisons d\u2019armes susceptibles d\u2019\u00eatre utilis\u00e9es par l\u2019arm\u00e9e isra\u00e9lienne dans la bande de Gaza<\/a>. En tant que sp\u00e9cialiste des relations historiques entre l\u2019Allemagne et Isra\u00ebl, avez-vous \u00e9t\u00e9 surpris du toll\u00e9 provoqu\u00e9 par cette d\u00e9cision dans son propre camp\u00a0?<\/strong><\/p>\n<p><strong>DANIEL MARWECKI<\/strong>\u00a0<strong>:<\/strong> Non, pas vraiment. D\u2019une part parce que cela s\u2019inscrit dans la logique politique du moment au niveau national. C\u2019est l\u2019occasion, pour certains membres de l\u2019Union chr\u00e9tienne-d\u00e9mocrate (CDU), comme Jens Spahn, de se d\u00e9marquer du chancelier en se pr\u00e9sentant comme les derniers gardiens de la \u201craison d\u2019\u00c9tat\u201d [les dirigeants allemands emploient ce terme pour rappeler que l\u2019Allemagne est responsable de la s\u00e9curit\u00e9 d\u2019Isra\u00ebl, \u00e0 cause de son r\u00f4le dans la Shoah]. Et ce, avec l\u2019appui de m\u00e9dias [populistes] comme Bild et Nius, d\u2019ailleurs. Et d\u2019autre part, parce qu\u2019il y a des raisons historiques \u00e0 cette indignation.<\/p>\n<p><strong>Lesquelles\u00a0?<\/strong><\/p>\n<p>Les armes ont toujours occup\u00e9 une place centrale dans les relations germano-isra\u00e9liennes, et ce d\u00e8s le d\u00e9but, \u00e0 l\u2019\u00e9poque de [Konrad] Adenauer et de David Ben-Gourion. C\u2019est vrai qu\u2019au d\u00e9part, avec l\u2019Accord de r\u00e9parations de 1952, il \u00e9tait essentiellement question d\u2019un soutien \u00e0 l\u2019industrie. Mais au mili<\/p>\n","protected":false},"excerpt":{"rendered":"DIE TAGESZEITUNG\u00a0: [Au d\u00e9but du mois d\u2019ao\u00fbt], le chancelier Friedrich Merz a annonc\u00e9 l\u2019arr\u00eat des livraisons d\u2019armes susceptibles&hellip;\n","protected":false},"author":2,"featured_media":342057,"comment_status":"","ping_status":"","sticky":false,"template":"","format":"standard","meta":{"footnotes":""},"categories":[1587],"tags":[11,672,1804,27137,1805,1803,1777,674,1801,1892,16785,3257,12,1802,44735],"class_list":{"0":"post-342056","1":"post","2":"type-post","3":"status-publish","4":"format-standard","5":"has-post-thumbnail","7":"category-allemagne","8":"tag-actualites","9":"tag-allemagne","10":"tag-bundesrepublik-deutschland","11":"tag-conflit-israu00e9lo-palestinien","12":"tag-de","13":"tag-deutschland","14":"tag-eu","15":"tag-europe","16":"tag-germany","17":"tag-gu00e9opolitique","18":"tag-israu00ebl","19":"tag-moyen-orient","20":"tag-news","21":"tag-republique-federale-dallemagne","22":"tag-ventes-darmes"},"share_on_mastodon":{"url":"https:\/\/pubeurope.com\/@fr\/115087619127159337","error":""},"_links":{"self":[{"href":"https:\/\/www.europesays.com\/fr\/wp-json\/wp\/v2\/posts\/342056","targetHints":{"allow":["GET"]}}],"collection":[{"href":"https:\/\/www.europesays.com\/fr\/wp-json\/wp\/v2\/posts"}],"about":[{"href":"https:\/\/www.europesays.com\/fr\/wp-json\/wp\/v2\/types\/post"}],"author":[{"embeddable":true,"href":"https:\/\/www.europesays.com\/fr\/wp-json\/wp\/v2\/users\/2"}],"replies":[{"embeddable":true,"href":"https:\/\/www.europesays.com\/fr\/wp-json\/wp\/v2\/comments?post=342056"}],"version-history":[{"count":0,"href":"https:\/\/www.europesays.com\/fr\/wp-json\/wp\/v2\/posts\/342056\/revisions"}],"wp:featuredmedia":[{"embeddable":true,"href":"https:\/\/www.europesays.com\/fr\/wp-json\/wp\/v2\/media\/342057"}],"wp:attachment":[{"href":"https:\/\/www.europesays.com\/fr\/wp-json\/wp\/v2\/media?parent=342056"}],"wp:term":[{"taxonomy":"category","embeddable":true,"href":"https:\/\/www.europesays.com\/fr\/wp-json\/wp\/v2\/categories?post=342056"},{"taxonomy":"post_tag","embeddable":true,"href":"https:\/\/www.europesays.com\/fr\/wp-json\/wp\/v2\/tags?post=342056"}],"curies":[{"name":"wp","href":"https:\/\/api.w.org\/{rel}","templated":true}]}}