{"id":342060,"date":"2025-08-25T04:55:16","date_gmt":"2025-08-25T04:55:16","guid":{"rendered":"https:\/\/www.europesays.com\/fr\/342060\/"},"modified":"2025-08-25T04:55:16","modified_gmt":"2025-08-25T04:55:16","slug":"le-marche-nocturne-a-eu-du-succes","status":"publish","type":"post","link":"https:\/\/www.europesays.com\/fr\/342060\/","title":{"rendered":"Le march\u00e9 nocturne a eu du succ\u00e8s"},"content":{"rendered":"<p>Le march\u00e9 nocturne qui s\u2019est d\u00e9roul\u00e9 vendredi 22 ao\u00fbt dans le parc de la Mairie a eu du succ\u00e8s.<\/p>\n<p>Les visiteurs venus nombreux \u00e0 la d\u00e9couverte de cr\u00e9ateurs de bijoux et de maroquinerie avec l\u2019atelier les cr\u00e9atopines, le stand MT bijoux de Saint-Dezery, bijoux maroquineries Aphini, d\u00e9couverte des huiles essentielles de romarins de Cruviers-Lascours.<\/p>\n<p>Des pralines \u00e0 l\u2019ancienne de la maison Maurice et des bi\u00e8res artisanales brass\u00e9es \u00e0 Brignon ont \u00e9t\u00e9 propos\u00e9es \u00e0 la d\u00e9gustation. Les stands de restauration avec cr\u00eapes, galettes et glaces de Nadia Vidal, productrice de ch\u00e2taignes au Collet-de-D\u00e8ze, la r\u00f4tisserie Alida et un stand de brais\u00e9s de Montpellier, ont march\u00e9 \u00e0 plein r\u00e9gime. Une buvette de la cave coop\u00e9rative Les celliers des trois tours et un stand soft sans alcools\u2026 il y a eu du choix pour passer une bonne soir\u00e9e. Un spectacle de danse country du club Black angel\u2019s a ravi tout le monde et la soir\u00e9e a \u00e9t\u00e9 anim\u00e9e par le groupe Los Caballeros et sa chanteuse. La soir\u00e9e a \u00e9t\u00e9 appr\u00e9ci\u00e9e par les participants, les exposants comme les restaurateurs.<\/p>\n<p>Correspondant Midi Libre : 06 72 12 34 40<\/p>\n","protected":false},"excerpt":{"rendered":"Le march\u00e9 nocturne qui s\u2019est d\u00e9roul\u00e9 vendredi 22 ao\u00fbt dans le parc de la Mairie a eu du&hellip;\n","protected":false},"author":2,"featured_media":342061,"comment_status":"","ping_status":"","sticky":false,"template":"","format":"standard","meta":{"footnotes":""},"categories":[1586],"tags":[11,1777,674,1779,1011,27,12,25,1778,364],"class_list":{"0":"post-342060","1":"post","2":"type-post","3":"status-publish","4":"format-standard","5":"has-post-thumbnail","7":"category-europe","8":"tag-actualites","9":"tag-eu","10":"tag-europe","11":"tag-european-union","12":"tag-fr","13":"tag-france","14":"tag-news","15":"tag-republique-francaise","16":"tag-ue","17":"tag-union-europeenne"},"share_on_mastodon":{"url":"https:\/\/pubeurope.com\/@fr\/115087627051225835","error":""},"_links":{"self":[{"href":"https:\/\/www.europesays.com\/fr\/wp-json\/wp\/v2\/posts\/342060","targetHints":{"allow":["GET"]}}],"collection":[{"href":"https:\/\/www.europesays.com\/fr\/wp-json\/wp\/v2\/posts"}],"about":[{"href":"https:\/\/www.europesays.com\/fr\/wp-json\/wp\/v2\/types\/post"}],"author":[{"embeddable":true,"href":"https:\/\/www.europesays.com\/fr\/wp-json\/wp\/v2\/users\/2"}],"replies":[{"embeddable":true,"href":"https:\/\/www.europesays.com\/fr\/wp-json\/wp\/v2\/comments?post=342060"}],"version-history":[{"count":0,"href":"https:\/\/www.europesays.com\/fr\/wp-json\/wp\/v2\/posts\/342060\/revisions"}],"wp:featuredmedia":[{"embeddable":true,"href":"https:\/\/www.europesays.com\/fr\/wp-json\/wp\/v2\/media\/342061"}],"wp:attachment":[{"href":"https:\/\/www.europesays.com\/fr\/wp-json\/wp\/v2\/media?parent=342060"}],"wp:term":[{"taxonomy":"category","embeddable":true,"href":"https:\/\/www.europesays.com\/fr\/wp-json\/wp\/v2\/categories?post=342060"},{"taxonomy":"post_tag","embeddable":true,"href":"https:\/\/www.europesays.com\/fr\/wp-json\/wp\/v2\/tags?post=342060"}],"curies":[{"name":"wp","href":"https:\/\/api.w.org\/{rel}","templated":true}]}}