{"id":342066,"date":"2025-08-25T04:58:15","date_gmt":"2025-08-25T04:58:15","guid":{"rendered":"https:\/\/www.europesays.com\/fr\/342066\/"},"modified":"2025-08-25T04:58:15","modified_gmt":"2025-08-25T04:58:15","slug":"a-la-matinale-de-france-inter-une-rentree-entre-malaise-et-reinvention-liberation","status":"publish","type":"post","link":"https:\/\/www.europesays.com\/fr\/342066\/","title":{"rendered":"A la matinale de France Inter, une rentr\u00e9e entre malaise et r\u00e9invention \u2013 Lib\u00e9ration"},"content":{"rendered":"<p class=\"sc-ksZaOG ehjQrN text-element\">Souvent, les \u00e9t\u00e9s \u00e0 France Inter ont pour effet de mettre sous le tapis les malaises de la saison pr\u00e9c\u00e9dente. Cette fois, la rentr\u00e9e de la station, toujours plus leader des audiences (7,2 millions d\u2019auditeurs quotidiens la saison pass\u00e9e, record absolu pour une radio), reste pourtant charg\u00e9e de quelques tensions. Et plus particuli\u00e8rement sa matinale. Apr\u00e8s une ann\u00e9e l\u00e0 aussi historique \u00e0 4,9 millions d\u2019auditeurs quotidiens, la voil\u00e0 forc\u00e9e de se r\u00e9inventer apr\u00e8s le d\u00e9part d\u2019un de ses piliers, <a href=\"https:\/\/www.liberation.fr\/portraits\/lea-salame-ca-demenage-20250723_23N2UC2F7FCC3CBO6D3XPHKDRY\/\" target=\"_blank\" rel=\"noopener\" title=\"https:\/\/www.liberation.fr\/portraits\/lea-salame-ca-demenage-20250723_23N2UC2F7FCC3CBO6D3XPHKDRY\/\">L\u00e9a Salam\u00e9, vers France 2<\/a>. Ce lundi 25 ao\u00fbt, les auditeurs retrouveront alors une Grande Matinale (son nouveau petit nom) port\u00e9e par Nicolas Demorand et Sonia Devillers, qui s\u2019\u00e9talera d\u00e9sormais de 7 \u00e0 11 heures. Avec de nouvelles voix : Benjamin Duhamel en intervieweur, Bertrand Chameroy au billet d\u2019humour, Nora Hamadi \u00e0 la revue de presse, Daphn\u00e9 B\u00fcrki pour la rubrique \u00abNouvelles t\u00eates\u00bb\u2026<\/p>\n<p class=\"sc-ksZaOG ehjQrN text-element\">Les entendra-t-on n\u00e9anmoins faire leur rentr\u00e9e ce lundi ? Pas si s\u00fbr. Un <a href=\"https:\/\/www.liberation.fr\/economie\/medias\/les-salaries-de-radio-france-appeles-a-la-greve-illimitee-pour-la-rentree-des-ondes-20250822_LXGVXRK4AVHHBNIMOZ3OC7XUZY\/\" target=\"_blank\" rel=\"noopener\" title=\"https:\/\/www.liberation.fr\/economie\/medias\/les-salaries-de-radio-france-appeles-a-la-greve-i&lt;\/p&gt;&lt;\/div&gt;&lt;\/article&gt;&lt;\/div&gt;&lt;div data-fusion-lazy-id=\" f0f8vgvlad832fw=\"\"><\/p>\n","protected":false},"excerpt":{"rendered":"Souvent, les \u00e9t\u00e9s \u00e0 France Inter ont pour effet de mettre sous le tapis les malaises de la&hellip;\n","protected":false},"author":2,"featured_media":342067,"comment_status":"","ping_status":"","sticky":false,"template":"","format":"standard","meta":{"footnotes":""},"categories":[4],"tags":[11,1011,27,9102,12,25],"class_list":{"0":"post-342066","1":"post","2":"type-post","3":"status-publish","4":"format-standard","5":"has-post-thumbnail","7":"category-france","8":"tag-actualites","9":"tag-fr","10":"tag-france","11":"tag-france-inter","12":"tag-news","13":"tag-republique-francaise"},"share_on_mastodon":{"url":"https:\/\/pubeurope.com\/@fr\/115087638712325501","error":""},"_links":{"self":[{"href":"https:\/\/www.europesays.com\/fr\/wp-json\/wp\/v2\/posts\/342066","targetHints":{"allow":["GET"]}}],"collection":[{"href":"https:\/\/www.europesays.com\/fr\/wp-json\/wp\/v2\/posts"}],"about":[{"href":"https:\/\/www.europesays.com\/fr\/wp-json\/wp\/v2\/types\/post"}],"author":[{"embeddable":true,"href":"https:\/\/www.europesays.com\/fr\/wp-json\/wp\/v2\/users\/2"}],"replies":[{"embeddable":true,"href":"https:\/\/www.europesays.com\/fr\/wp-json\/wp\/v2\/comments?post=342066"}],"version-history":[{"count":0,"href":"https:\/\/www.europesays.com\/fr\/wp-json\/wp\/v2\/posts\/342066\/revisions"}],"wp:featuredmedia":[{"embeddable":true,"href":"https:\/\/www.europesays.com\/fr\/wp-json\/wp\/v2\/media\/342067"}],"wp:attachment":[{"href":"https:\/\/www.europesays.com\/fr\/wp-json\/wp\/v2\/media?parent=342066"}],"wp:term":[{"taxonomy":"category","embeddable":true,"href":"https:\/\/www.europesays.com\/fr\/wp-json\/wp\/v2\/categories?post=342066"},{"taxonomy":"post_tag","embeddable":true,"href":"https:\/\/www.europesays.com\/fr\/wp-json\/wp\/v2\/tags?post=342066"}],"curies":[{"name":"wp","href":"https:\/\/api.w.org\/{rel}","templated":true}]}}