{"id":342068,"date":"2025-08-25T05:01:16","date_gmt":"2025-08-25T05:01:16","guid":{"rendered":"https:\/\/www.europesays.com\/fr\/342068\/"},"modified":"2025-08-25T05:01:16","modified_gmt":"2025-08-25T05:01:16","slug":"rugby-pro-d2-de-2010-a-2023-le-vibrant-et-long-passe-de-lus-carcassonne","status":"publish","type":"post","link":"https:\/\/www.europesays.com\/fr\/342068\/","title":{"rendered":"Rugby &#8211; Pro D2\u00a0: de 2010 \u00e0 2023, le vibrant et long pass\u00e9 de l\u2019US Carcassonne"},"content":{"rendered":"<p>\n                                                                Riche, \u00e9motionnel, envo\u00fbtant, d\u00e9routant, le parcours des Carcassonnais en Pro D2 a souvent fait vibrer le palpitant de ses supporters.\n                            <\/p>\n<p align=\"left\">En acc\u00e9dant \u00e0 nouveau \u00e0 la Pro D2, les Carcassonnais sont bien loin de mettre un pied dans l\u2019inconnu. Et pour cause, ils comptent d\u00e9j\u00e0 un v\u00e9cu de treize saisons au deuxi\u00e8me \u00e9chelon national (2010-2023). 31 joueurs de leur effectif affichent m\u00eame pas mal d\u2019exp\u00e9rience \u00e0 ce niveau, voire un cran au-dessus. Les treize exercices pass\u00e9s dans le Top 30 les ont vus conna\u00eetre de multiples frissons, partag\u00e9s entre saisons heureuses et d\u2019autres bien plus d\u00e9licates.<\/p>\n<p>2010-2011\u00a0: la d\u00e9couverte<\/p>\n<p align=\"justify\">Au profit d\u2019une double victoire contre Tyrosse en demi-finale aller-retour du Jean-Prat, le club carcassonnais acc\u00e8de pour la premi\u00e8re fois de son histoire \u00e0 un championnat professionnel. Et il s\u2019arme en cons\u00e9quence. Montauban (Top 14) en d\u00e9p\u00f4t de bilan, l\u2019entra\u00eeneur Christian Labit s\u2019attache les services notamment de cinq ex-sapiacains\u00a0: C\u00e9dric Rosalen, Jo\u00ebl Koffi, \u00c9mmanuel \u00c9tien, Laurent Delboulb\u00e8s et F\u00e9lix Le Bourhis. Et frappe fort d\u2019entr\u00e9e en l\u2019emportant \u00e0 Auch (25-26). D\u2019autres performances \u00e9mailleront sa saison comme cette victoire d\u00e9croch\u00e9e \u00e0 Pau (19-32), ou contre Bordeaux-B\u00e8gles (19-14), et Narbonne (39-5) \u00e0 Domec. L\u2019USC cl\u00f4turera son exercice \u00e0 la 10e place (sur 16 clubs).<\/p>\n<p>\u00c0 la place du c\u2026 en 2011-2012<\/p>\n<p align=\"justify\">Avec 17 succ\u00e8s, deux nuls, 11 d\u00e9faites et 9 bonus, l\u2019USC termine \u00e0 \u00e9galit\u00e9 de points avec La\u00a0Rochelle (81)\u2026 Mais se voit doubler par les Charentais au goal-average particulier (38 contre 37)\u00a0! L\u2019USC termine donc 6e, alors que cette saison-l\u00e0 encore, seuls les cinq premiers acc\u00e8dent aux phases finales. Les Canaris l\u2019emportent six fois loin de leurs bases \u00e0 Tarbes, P\u00e9rigueux, Narbonne, B\u00e9ziers, Aix-en-Provence, Albi, et d\u00e9crochent deux nuls \u00e0 Dax puis Oyonnax.<\/p>\n<p>2012-2021\u00a0: l\u2019USC s\u2019installe<\/p>\n<p align=\"justify\">7e et fr\u00f4lant \u00e0 nouveau les phases finales en 2012-2013, 14e l\u2019ann\u00e9e suivante, puis 9e, 14e, 9e, \u00e0 nouveau 14e, 11e, 10e l\u2019ann\u00e9e Covid (arr\u00eat du championnat \u00e0 23 matches) et enfin 8e en 2020-2021, si l\u2019USC alterne globalement une bonne saison et une suivante plus d\u00e9licate, elle prend n\u00e9anmoins globalement la mesure de la Pro D2. Et r\u00e9alise quelques beaux petits exploits \u00e0 Lyon (13-15), Brive (16-22), Pau (23-24), Vannes (22-25\u00a0puis 12-13), Montauban (13-16 puis 10-40), Aix-en-Provence (18-34) ou encore sur Perpignan \u00e0 Domec (24-22).<\/p>\n<p>Un historique barrage en 2021-2022<\/p>\n<p align=\"justify\">Le 19\u00a0mai 2022, l\u2019USC \u00e9crit la plus belle page de son histoire dans le monde professionnel. Au profit notamment de six victoires loin de ses bases (Bourg-en-Bresse, Colomiers, Narbonne, Rouen, Vannes, et B\u00e9ziers), elle termine 5e et se donne le droit de participer \u00e0 un match de barrage \u00e0 Nevers. Apr\u00e8s avoir longtemps rivalis\u00e9, elle l\u00e2che dans les derniers instants (24-12). Mais que le parcours fut beau.<\/p>\n<p>La chute l\u2019ann\u00e9e suivante<\/p>\n<p align=\"justify\">Revers de la m\u00e9daille, les bons r\u00e9sultats de l\u2019\u00e9quipe attirent les regards. Au cours de l\u2019intersaison 2022-2023, les Canaris voient leurs meilleurs joueurs attirer les convoitises de formations plus hupp\u00e9es et plus riches. Le capitaine Cl\u00e9ment Doumenc est ainsi enr\u00f4l\u00e9 par Montpellier, Pierre Huguet par Bayonne, Aur\u00e9lien Azar par Castres, Thomas Sauveterre par Biarritz, Christiaan van der Merwe\u00a0par Nevers, Johnny McPhillips par Aix-en-Provence, Guillaume Martocq par Bayonne (retour de pr\u00eat), enfin Sione Tui par Paris (retour de pr\u00eat)\u00a0! Soit la moiti\u00e9 de son XV titulaire. \u00c0 la fin de l\u2019exercice, l\u2019USC termine \u00e0 \u00e9galit\u00e9 de points avec Soyaux-Angoul\u00eame (52). Mais les Audois sont envoy\u00e9s au \u00ab\u00a0purgatoire\u00a0\u00bb\u00a0en raison d\u2019un nombre de points terrain inf\u00e9rieur obtenus lors des rencontres ayant oppos\u00e9 oppos\u00e9es les deux formations (8-1 au total pour deux victoires acquises contre l\u2019USC \u00e0 l\u2019aller \u00e0 Chanzy 18-6, comme au retour \u00e0 Domec 15-20).<\/p>\n<p>Quelques feuilletons\u00a0et un bilan quasi \u00e9quilibr\u00e9<\/p>\n<p align=\"justify\">En treize exercices livr\u00e9s en Pro D2, l\u2019USC pr\u00e9sente 171 victoires, 10 nuls et 202 d\u00e9faites. Elle a aussi connu deux feuilletons. Le premier, c\u2019est l\u2019histoire de la fameuse \u00ab\u00a0corne du stade\u00a0\u00bb\u00a0et remonte \u00e0 la saison 2013-2014. Plus pr\u00e9cis\u00e9ment au 22\u00a0f\u00e9vrier 2014 sur le pr\u00e9 de Domec. En cette 21e journ\u00e9e, La\u00a0Rochelle s\u2019\u00e9tait impos\u00e9e (33-35) gr\u00e2ce \u00e0 une p\u00e9nalit\u00e9 convertie apr\u00e8s la sir\u00e8ne. Elle n\u2019aurait donc pas d\u00fb \u00eatre bott\u00e9e. En effet, le temps de jeu \u00e9tait termin\u00e9 et la sonnette du stade avait retenti. Or, l\u2019arbitre M. Flavien Hourquet ne l\u2019avait pas entendu et avait fait continuer le match. Apr\u00e8s de multiples commissions d\u2019appel, ce match fut rejou\u00e9 et remport\u00e9 par les Maritimes (14-34). Le second remonte \u00e0 2022-2023. Alors que le club carcassonnais est rel\u00e9gu\u00e9 sportivement en Nationale, de son c\u00f4t\u00e9, Grenoble se voit r\u00e9trograd\u00e9 financi\u00e8rement\u2026 Rep\u00eachant du m\u00eame coup la formation audoise. Du moins le croit-on. Mais au bout de multiples palabres, le FCG est finalement sauv\u00e9 en appel.<\/p>\n","protected":false},"excerpt":{"rendered":"Riche, \u00e9motionnel, envo\u00fbtant, d\u00e9routant, le parcours des Carcassonnais en Pro D2 a souvent fait vibrer le palpitant de&hellip;\n","protected":false},"author":2,"featured_media":342069,"comment_status":"","ping_status":"","sticky":false,"template":"","format":"standard","meta":{"footnotes":""},"categories":[1416],"tags":[1011,27,479,1468,60],"class_list":{"0":"post-342068","1":"post","2":"type-post","3":"status-publish","4":"format-standard","5":"has-post-thumbnail","7":"category-rugby","8":"tag-fr","9":"tag-france","10":"tag-rugby","11":"tag-rugby-football","12":"tag-sports"},"share_on_mastodon":{"url":"https:\/\/pubeurope.com\/@fr\/115087650568119541","error":""},"_links":{"self":[{"href":"https:\/\/www.europesays.com\/fr\/wp-json\/wp\/v2\/posts\/342068","targetHints":{"allow":["GET"]}}],"collection":[{"href":"https:\/\/www.europesays.com\/fr\/wp-json\/wp\/v2\/posts"}],"about":[{"href":"https:\/\/www.europesays.com\/fr\/wp-json\/wp\/v2\/types\/post"}],"author":[{"embeddable":true,"href":"https:\/\/www.europesays.com\/fr\/wp-json\/wp\/v2\/users\/2"}],"replies":[{"embeddable":true,"href":"https:\/\/www.europesays.com\/fr\/wp-json\/wp\/v2\/comments?post=342068"}],"version-history":[{"count":0,"href":"https:\/\/www.europesays.com\/fr\/wp-json\/wp\/v2\/posts\/342068\/revisions"}],"wp:featuredmedia":[{"embeddable":true,"href":"https:\/\/www.europesays.com\/fr\/wp-json\/wp\/v2\/media\/342069"}],"wp:attachment":[{"href":"https:\/\/www.europesays.com\/fr\/wp-json\/wp\/v2\/media?parent=342068"}],"wp:term":[{"taxonomy":"category","embeddable":true,"href":"https:\/\/www.europesays.com\/fr\/wp-json\/wp\/v2\/categories?post=342068"},{"taxonomy":"post_tag","embeddable":true,"href":"https:\/\/www.europesays.com\/fr\/wp-json\/wp\/v2\/tags?post=342068"}],"curies":[{"name":"wp","href":"https:\/\/api.w.org\/{rel}","templated":true}]}}