{"id":342070,"date":"2025-08-25T05:02:16","date_gmt":"2025-08-25T05:02:16","guid":{"rendered":"https:\/\/www.europesays.com\/fr\/342070\/"},"modified":"2025-08-25T05:02:16","modified_gmt":"2025-08-25T05:02:16","slug":"le-francais-ugo-blanchet-26-ans-et-184e-mondial-decroche-sa-premiere-victoire-en-grand-chelem","status":"publish","type":"post","link":"https:\/\/www.europesays.com\/fr\/342070\/","title":{"rendered":"le Fran\u00e7ais Ugo Blanchet, 26 ans et 184e mondial, d\u00e9croche sa premi\u00e8re victoire en Grand Chelem"},"content":{"rendered":"<p>Apr\u00e8s avoir dispos\u00e9 du Hongrois Fabian Marozs\u00e1n, il affrontera le Tch\u00e8que Jakub Mensik au deuxi\u00e8me tour.<\/p>\n<p class=\"fig-paragraph\">Le Fran\u00e7ais\u00a0<a href=\"http:\/\/www.lefigaro.fr\/sports\/tennis\/us-open\/us-open-le-francais-ugo-blanchet-seul-rescape-des-qualifications-17-tricolores-dans-le-tableau-final-20250822\" data-fig-type=\"NewsFlash\" data-gtm-custom-categorie=\"navigation\" data-gtm-custom-action=\"crossclick\" data-gtm-custom-label=\"Contextuel\" data-gtm-event=\"customEventSPE\" data-fig-domain=\"LEFIGARO\" target=\"_blank\" rel=\"noopener\">Ugo Blanchet<\/a>, 184e mondial, a obtenu dimanche au premier tour de l&rsquo;US Open sa premi\u00e8re victoire dans le tableau final d&rsquo;un Grand Chelem en dominant en quatre sets le Hongrois Fabian Marozs\u00e1n (53e). Seul rescap\u00e9 tricolore des qualifications, hommes et femmes confondus, le droitier l&rsquo;a emport\u00e9 6-4, 3-6, 7-6 (9\/7), 6-2 et affrontera au deuxi\u00e8me tour le Tch\u00e8que Jakub Mensik, 16e au classement ATP.<\/p>\n<p class=\"fig-paragraph\">Avant de s&rsquo;imposer \u00e0 New York, Blanchet s&rsquo;\u00e9tait d\u00e9j\u00e0 qualifi\u00e9 en mai pour le premier tour de Roland-Garros, sa premi\u00e8re apparition dans le tableau final d&rsquo;un des quatre tournois phares du calendrier. Mais sur la terre battue parisienne, il s&rsquo;\u00e9tait inclin\u00e9 en cinq sets contre son compatriote Hugo Gaston.<\/p>\n<p>                                    <a class=\"fig-a11y-skip a11y-hidden\" href=\"#fig-a11y-skip-main-inarticle\"><br \/>\n        Passer la publicit\u00e9<br \/>\n    <\/a><\/p>\n<p class=\"fig-paragraph\">Dimanche contre Marozsan, le Fran\u00e7ais \u00e0 la casquette \u00e0 l&rsquo;envers a d\u00e9croch\u00e9 sa deuxi\u00e8me victoire sur le circuit principal, un peu plus d&rsquo;un an apr\u00e8s la premi\u00e8re \u00e0 l&rsquo;ATP 500 de Hambourg, sur terre battue.<\/p>\n<p class=\"fig-paragraph\">Habitu\u00e9 du circuit Challenger, les tournois du deuxi\u00e8me \u00e9chelon du tennis professionnel masculin, Blanchet n&rsquo;a disput\u00e9 son premier tableau final sur le circuit principal qu&rsquo;en f\u00e9vrier 2024, \u00e0 l&rsquo;ATP 250 de Montpellier. Il rejoint au deuxi\u00e8me tour de l&rsquo;US Open son compatriote Arthur Rinderknech (82e), \u00e9galement qualifi\u00e9 en quatre sets plus t\u00f4t dans la journ\u00e9e.<\/p>\n","protected":false},"excerpt":{"rendered":"Apr\u00e8s avoir dispos\u00e9 du Hongrois Fabian Marozs\u00e1n, il affrontera le Tch\u00e8que Jakub Mensik au deuxi\u00e8me tour. Le Fran\u00e7ais\u00a0Ugo&hellip;\n","protected":false},"author":2,"featured_media":342071,"comment_status":"","ping_status":"","sticky":false,"template":"","format":"standard","meta":{"footnotes":""},"categories":[1415],"tags":[4169,1011,27,415,60,1467],"class_list":{"0":"post-342070","1":"post","2":"type-post","3":"status-publish","4":"format-standard","5":"has-post-thumbnail","7":"category-tennis","8":"tag-atp","9":"tag-fr","10":"tag-france","11":"tag-new-york","12":"tag-sports","13":"tag-tennis"},"share_on_mastodon":{"url":"https:\/\/pubeurope.com\/@fr\/115087654409513653","error":""},"_links":{"self":[{"href":"https:\/\/www.europesays.com\/fr\/wp-json\/wp\/v2\/posts\/342070","targetHints":{"allow":["GET"]}}],"collection":[{"href":"https:\/\/www.europesays.com\/fr\/wp-json\/wp\/v2\/posts"}],"about":[{"href":"https:\/\/www.europesays.com\/fr\/wp-json\/wp\/v2\/types\/post"}],"author":[{"embeddable":true,"href":"https:\/\/www.europesays.com\/fr\/wp-json\/wp\/v2\/users\/2"}],"replies":[{"embeddable":true,"href":"https:\/\/www.europesays.com\/fr\/wp-json\/wp\/v2\/comments?post=342070"}],"version-history":[{"count":0,"href":"https:\/\/www.europesays.com\/fr\/wp-json\/wp\/v2\/posts\/342070\/revisions"}],"wp:featuredmedia":[{"embeddable":true,"href":"https:\/\/www.europesays.com\/fr\/wp-json\/wp\/v2\/media\/342071"}],"wp:attachment":[{"href":"https:\/\/www.europesays.com\/fr\/wp-json\/wp\/v2\/media?parent=342070"}],"wp:term":[{"taxonomy":"category","embeddable":true,"href":"https:\/\/www.europesays.com\/fr\/wp-json\/wp\/v2\/categories?post=342070"},{"taxonomy":"post_tag","embeddable":true,"href":"https:\/\/www.europesays.com\/fr\/wp-json\/wp\/v2\/tags?post=342070"}],"curies":[{"name":"wp","href":"https:\/\/api.w.org\/{rel}","templated":true}]}}