{"id":342072,"date":"2025-08-25T05:04:09","date_gmt":"2025-08-25T05:04:09","guid":{"rendered":"https:\/\/www.europesays.com\/fr\/342072\/"},"modified":"2025-08-25T05:04:09","modified_gmt":"2025-08-25T05:04:09","slug":"gp-de-hongrie-le-week-end-de-lequipe-tech3","status":"publish","type":"post","link":"https:\/\/www.europesays.com\/fr\/342072\/","title":{"rendered":"GP de Hongrie, le week-end de l&rsquo;\u00e9quipe Tech3"},"content":{"rendered":"<p style=\"text-align: justify;\"><strong>L&rsquo;\u00e9quipe Tech3 KTM a pu compter sur Pol Espargar\u00f3 pour remplacer Maverick Vi\u00f1ales. Enea Bastianini a connu un double abandon alors que le pilote espagnol a pu marquer des points en Grand Prix.<\/strong><\/p>\n<p>Les qualifications de l&rsquo;\u00e9quipe Tech3 en Hongrie<\/p>\n<p style=\"text-align: justify;\">Les deux pilotes Tech3 KTM se sont offerts une place directement en Q2. Enea Bastianini a sign\u00e9 le 4e temps, \u00e9chouant \u00e0 0&Prime;070 de la premi\u00e8re ligne. Pol Espargar\u00f3 a sign\u00e9 le 12e temps de <a href=\"https:\/\/franceracing.fr\/moto-gp\/gp-de-hongrie-2025-qualifs-marc-marquez-en-pole-position\/\" target=\"_blank\" rel=\"noopener\">la seconde phase des qualifications<\/a>.<\/p>\n<p>Les courses de l&rsquo;\u00e9quipe Tech3 en Hongrie<br \/>\n<a href=\"https:\/\/franceracing.fr\/moto-gp\/gp-de-hongrie-2025-sprint-marc-marquez-se-balade-a-balaton-park\/\" target=\"_blank\" rel=\"noopener\">Sprint<\/a><\/p>\n<p style=\"text-align: justify;\">La course d&rsquo;Enea Bastianini s&rsquo;est termin\u00e9e d\u00e8s le premier tour. Le pilote italien s&rsquo;est fait percuter dans le premier virage par Fabio Quartararo avant de s&rsquo;accrocher plus loin avec Johann Zarco. Pour ce dernier incident, le pilote italien a re\u00e7u un double Long Lap \u00e0 effectuer lors du Grand Prix. Pol Espargar\u00f3 a longtemps occup\u00e9 une place dans les points avant de descendre au classement et de finir la course \u00e0 la porte des points.<\/p>\n<blockquote>\n<p style=\"text-align: justify;\">\u00ab\u00a0Nous sommes malheureusement tr\u00e8s frustr\u00e9s aujourd&rsquo;hui apr\u00e8s une excellente journ\u00e9e vendredi, nos deux pilotes \u00e9tant en Q2, ce qui n&rsquo;\u00e9tait pas arriv\u00e9 \u00e0 notre \u00e9quipe depuis un moment. Enea Bastianini a r\u00e9alis\u00e9 un excellent travail en qualifications ce matin, et nous savions qu&rsquo;il avait un tr\u00e8s bon rythme et de belles chances. Il a pris un bon d\u00e9part pour arriver au premier virage en deuxi\u00e8me position, mais malheureusement, le freinage tardif de Fabio Quartararo a ruin\u00e9 sa Sprint. Enea \u00e9tait dernier, mais il a chut\u00e9 dans le virage 9, entra\u00eenant Johann Zarco avec lui. La direction de course lui a inflig\u00e9 une double Long Lap \u00e0 effectuer demain suite \u00e0 cette man\u0153uvre. Une p\u00e9nalit\u00e9 tr\u00e8s frustrante pour nous, mais nous savons qu&rsquo;il donnera le meilleur de lui-m\u00eame pour faire une bonne course dimanche, car il a le rythme. Pol Espargar\u00f3 a encore une fois r\u00e9alis\u00e9 un tr\u00e8s bon sprint avec un top 10, nous sommes donc confiants quant au bon fonctionnement de notre package sur ce circuit\u00a0\u00bb, d\u00e9clarait Nicolas Goyon apr\u00e8s la Sprint.<\/p>\n<\/blockquote>\n<p><a href=\"https:\/\/franceracing.fr\/moto-gp\/gp-de-hongrie-2025-course-marc-marquez-premier-vainqueur-au-balaton-park\/\" target=\"_blank\" rel=\"noopener\">Grand Prix<\/a><\/p>\n<p style=\"text-align: justify;\">Enea Bastianini a r\u00e9alis\u00e9 un bon d\u00e9part mais il n&rsquo;a pas fini le premier tour, chutant entre le virage 15 et le virage 16. Le pilote italien a travers\u00e9 la piste devant ses adversaires, sans incident. Pol Espargar\u00f3 a conserv\u00e9 sa position sur la grille dans les premiers virages. Il gagne une place apr\u00e8s le Long Lap de Fabio Quartararo. Il en gagne une autre avec la chute de Ferm\u00edn Aldeguer, parvenant aussi \u00e0 doubler Francesco Bagnaia. Il termine \u00e0 la 8e place.<\/p>\n<blockquote>\n<p style=\"text-align: justify;\">\u00ab\u00a0Ce premier Grand Prix de Hongrie a \u00e9t\u00e9 une v\u00e9ritable montagne russe pour nous ! D\u00e8s le d\u00e9but du week-end, nous savions que nous aurions du potentiel sur ce circuit, et Enea Bastianini s&rsquo;est montr\u00e9 d&#8217;embl\u00e9e \u00e0 la hauteur d\u00e8s le premier jour, jusqu&rsquo;aux qualifications en 4e position. Malheureusement, la Sprint a mal tourn\u00e9 et nous sommes arriv\u00e9s aujourd&rsquo;hui avec une double Long Lap \u00e0 effectuer. Nous avions une strat\u00e9gie en place, mais malheureusement, Enea a chut\u00e9 d\u00e8s le premier tour et nous n&rsquo;avons rien pu faire. C&rsquo;est vraiment dommage, car la moto \u00e9tait rapide. Nous l&rsquo;avons vu avec Pedro Acosta et nous aurions pu faire un excellent week-end. Cependant, il faut tirer le positif du positif, nous \u00e9tions vraiment comp\u00e9titifs et nous allons tenter de mettre tout cela en pratique \u00e0 Barcelone. Pol Espargar\u00f3 nous a bien aid\u00e9s ce week-end et nous tenons \u00e0 le remercier chaleureusement pour ce week-end incroyable. Il a termin\u00e9 huiti\u00e8me apr\u00e8s avoir r\u00e9sist\u00e9 \u00e0 Francesco Bagnaia jusqu&rsquo;au bout, et il a roul\u00e9 avec un excellent rythme\u00a0\u00bb, concluait Nicolas Goyon.<\/p>\n<\/blockquote>\n","protected":false},"excerpt":{"rendered":"L&rsquo;\u00e9quipe Tech3 KTM a pu compter sur Pol Espargar\u00f3 pour remplacer Maverick Vi\u00f1ales. Enea Bastianini a connu un&hellip;\n","protected":false},"author":2,"featured_media":342073,"comment_status":"","ping_status":"","sticky":false,"template":"","format":"standard","meta":{"footnotes":""},"categories":[1413],"tags":[1011,27,1457,1456,60],"class_list":{"0":"post-342072","1":"post","2":"type-post","3":"status-publish","4":"format-standard","5":"has-post-thumbnail","7":"category-moto","8":"tag-fr","9":"tag-france","10":"tag-moto","11":"tag-motocycle","12":"tag-sports"},"share_on_mastodon":{"url":"https:\/\/pubeurope.com\/@fr\/115087662358496924","error":""},"_links":{"self":[{"href":"https:\/\/www.europesays.com\/fr\/wp-json\/wp\/v2\/posts\/342072","targetHints":{"allow":["GET"]}}],"collection":[{"href":"https:\/\/www.europesays.com\/fr\/wp-json\/wp\/v2\/posts"}],"about":[{"href":"https:\/\/www.europesays.com\/fr\/wp-json\/wp\/v2\/types\/post"}],"author":[{"embeddable":true,"href":"https:\/\/www.europesays.com\/fr\/wp-json\/wp\/v2\/users\/2"}],"replies":[{"embeddable":true,"href":"https:\/\/www.europesays.com\/fr\/wp-json\/wp\/v2\/comments?post=342072"}],"version-history":[{"count":0,"href":"https:\/\/www.europesays.com\/fr\/wp-json\/wp\/v2\/posts\/342072\/revisions"}],"wp:featuredmedia":[{"embeddable":true,"href":"https:\/\/www.europesays.com\/fr\/wp-json\/wp\/v2\/media\/342073"}],"wp:attachment":[{"href":"https:\/\/www.europesays.com\/fr\/wp-json\/wp\/v2\/media?parent=342072"}],"wp:term":[{"taxonomy":"category","embeddable":true,"href":"https:\/\/www.europesays.com\/fr\/wp-json\/wp\/v2\/categories?post=342072"},{"taxonomy":"post_tag","embeddable":true,"href":"https:\/\/www.europesays.com\/fr\/wp-json\/wp\/v2\/tags?post=342072"}],"curies":[{"name":"wp","href":"https:\/\/api.w.org\/{rel}","templated":true}]}}