{"id":342076,"date":"2025-08-25T05:06:10","date_gmt":"2025-08-25T05:06:10","guid":{"rendered":"https:\/\/www.europesays.com\/fr\/342076\/"},"modified":"2025-08-25T05:06:10","modified_gmt":"2025-08-25T05:06:10","slug":"lequipe-algerienne-de-madar-brille-en-europe","status":"publish","type":"post","link":"https:\/\/www.europesays.com\/fr\/342076\/","title":{"rendered":"l\u2019\u00e9quipe alg\u00e9rienne de Madar brille en Europe"},"content":{"rendered":"<p>Le cyclisme alg\u00e9rien brille \u00e0 l\u2019international. Pour la premi\u00e8re fois, une \u00e9quipe professionnelle alg\u00e9rienne a pris part \u00e0 deux prestigieux tours cyclistes europ\u00e9ens, en Pologne et en Estonie.<\/p>\n<p style=\"font-weight: 400;\">Cette participation s\u2019est faite \u00ab\u00a0simultan\u00e9ment\u00a0\u00bb, rapporte nos confr\u00e8res de La Patrie News, citant un communiqu\u00e9 du groupe public Madar. Cette \u00e9quipe s\u2019appelle Madar Pro Cycling Team, \u00ab\u00a0incontestable leader du cyclisme africain en 2025 et d\u00e9j\u00e0 sacr\u00e9e meilleure \u00e9quipe continental africaine en 2024\u00a0\u00bb, selon la m\u00eame source.<\/p>\n<p class=\"a-lire-box\" style=\"&#13;&#10;                    margin:20px 0;&#13;&#10;                    padding:12px 0;&#13;&#10;                    border-top:1px solid #ddd;&#13;&#10;                    border-bottom:1px solid #ddd;&#13;&#10;                    line-height:1.8;&#13;&#10;                 \">&#13;<br \/>\n                    A lire aussi :&#13;<br \/>\n                    <a href=\"https:\/\/www.tsa-algerie.com\/imane-khelif-dement-sa-retraite-et-accuse-son-ex-manager-de-trahison\/\" class=\"a-lire-link\" style=\"color:#000;text-decoration:none;font-weight:600;\" rel=\"nofollow noopener\" target=\"_blank\">&#13;<br \/>\n                        Imane Khelif d\u00e9ment sa retraite et accuse son ex-manager de trahison&#13;<br \/>\n                    <\/a>&#13;\n                <\/p>\n<p style=\"font-weight: 400;\">Elle a particip\u00e9 au Tour Bitwa Warszawska en Pologne, du 20 au 24 ao\u00fbt,\u00a0et au Baltic Chain Tour qui s\u2019est d\u00e9roul\u00e9 en Lettonie et en Estonie, du 21 au 24 ao\u00fbt 2025. Pour ces deux tours, l\u2019\u00e9quipe alg\u00e9rienne ne visait\u00a0pas une\u00a0participation symbolique.<\/p>\n<p><strong>Cyclisme\u00a0: l\u2019\u00e9quipe de Madar se distingue en Pologne et Estonie-Lettonie<\/strong><\/p>\n<p style=\"font-weight: 400;\">Elle s\u2019est d\u00e9plac\u00e9e dans ces trois pays de l\u2019Union europ\u00e9enne avec de \u00ab\u00a0grandes ambitions en visant le Top 10 face aux meilleures formations europ\u00e9ennes\u00a0\u00bb, ajoute la m\u00eame source.<\/p>\n<p class=\"a-lire-box\" style=\"&#13;&#10;                    margin:20px 0;&#13;&#10;                    padding:12px 0;&#13;&#10;                    border-top:1px solid #ddd;&#13;&#10;                    border-bottom:1px solid #ddd;&#13;&#10;                    line-height:1.8;&#13;&#10;                 \">&#13;<br \/>\n                    A lire aussi :&#13;<br \/>\n                    <a href=\"https:\/\/www.tsa-algerie.com\/alerte-imane-khelif-reagit-aux-informations-de-la-presse-francaise\/\" class=\"a-lire-link\" style=\"color:#000;text-decoration:none;font-weight:600;\" rel=\"nofollow noopener\" target=\"_blank\">&#13;<br \/>\n                        ALERTE \u2013 Imane Khelif r\u00e9agit aux informations de la presse fran\u00e7aise&#13;<br \/>\n                    <\/a>&#13;\n                <\/p>\n<p style=\"font-weight: 400;\">Les premi\u00e8res \u00e9tapes de ces deux tours ont confirm\u00e9 les ambitions de l\u2019\u00e9quipe du conglom\u00e9rat public : au Baltic Chain Tour, Youcef Reguigui s\u2019est class\u00e9 5e, alors qu\u2019au Tour Bitwa Warszawska, Emile Van Niekrek, athl\u00e8te sud-africain de Madar Pro Cycling Team a d\u00e9croch\u00e9 une \u00ab remarquable 3e place, Yacine Hamza a pris la 6e\u00a0place et Hamza Amari a fini en 8e\u00a0position.<\/p>\n<p style=\"font-weight: 400;\">\u00ab\u00a0Des performances qui confirment que les ambitions de cette jeune et brillante \u00e9quipe alg\u00e9rienne, d\u00e9j\u00e0 r\u00e9f\u00e9rence sur le continent africain, s\u2019impose d\u00e9sormais sur la sc\u00e8ne europ\u00e9enne\u00a0\u00bb, affirme le groupe Madar.<\/p>\n<p class=\"a-lire-box\" style=\"&#13;&#10;                    margin:20px 0;&#13;&#10;                    padding:12px 0;&#13;&#10;                    border-top:1px solid #ddd;&#13;&#10;                    border-bottom:1px solid #ddd;&#13;&#10;                    line-height:1.8;&#13;&#10;                 \">&#13;<br \/>\n                    A lire aussi :&#13;<br \/>\n                    <a href=\"https:\/\/www.tsa-algerie.com\/imane-khelif-disparition-inquietante-des-rings-de-la-championne-algerienne\/\" class=\"a-lire-link\" style=\"color:#000;text-decoration:none;font-weight:600;\" rel=\"nofollow noopener\" target=\"_blank\">&#13;<br \/>\n                        Imane Khelif : disparition inqui\u00e9tante des rings de la championne alg\u00e9rienne&#13;<br \/>\n                    <\/a>&#13;\n                <\/p>\n","protected":false},"excerpt":{"rendered":"Le cyclisme alg\u00e9rien brille \u00e0 l\u2019international. Pour la premi\u00e8re fois, une \u00e9quipe professionnelle alg\u00e9rienne a pris part \u00e0&hellip;\n","protected":false},"author":2,"featured_media":342077,"comment_status":"","ping_status":"","sticky":false,"template":"","format":"standard","meta":{"footnotes":""},"categories":[1411],"tags":[1154,207,1011,27,60],"class_list":{"0":"post-342076","1":"post","2":"type-post","3":"status-publish","4":"format-standard","5":"has-post-thumbnail","7":"category-cyclisme","8":"tag-cycling","9":"tag-cyclisme","10":"tag-fr","11":"tag-france","12":"tag-sports"},"share_on_mastodon":{"url":"https:\/\/pubeurope.com\/@fr\/115087670278196696","error":""},"_links":{"self":[{"href":"https:\/\/www.europesays.com\/fr\/wp-json\/wp\/v2\/posts\/342076","targetHints":{"allow":["GET"]}}],"collection":[{"href":"https:\/\/www.europesays.com\/fr\/wp-json\/wp\/v2\/posts"}],"about":[{"href":"https:\/\/www.europesays.com\/fr\/wp-json\/wp\/v2\/types\/post"}],"author":[{"embeddable":true,"href":"https:\/\/www.europesays.com\/fr\/wp-json\/wp\/v2\/users\/2"}],"replies":[{"embeddable":true,"href":"https:\/\/www.europesays.com\/fr\/wp-json\/wp\/v2\/comments?post=342076"}],"version-history":[{"count":0,"href":"https:\/\/www.europesays.com\/fr\/wp-json\/wp\/v2\/posts\/342076\/revisions"}],"wp:featuredmedia":[{"embeddable":true,"href":"https:\/\/www.europesays.com\/fr\/wp-json\/wp\/v2\/media\/342077"}],"wp:attachment":[{"href":"https:\/\/www.europesays.com\/fr\/wp-json\/wp\/v2\/media?parent=342076"}],"wp:term":[{"taxonomy":"category","embeddable":true,"href":"https:\/\/www.europesays.com\/fr\/wp-json\/wp\/v2\/categories?post=342076"},{"taxonomy":"post_tag","embeddable":true,"href":"https:\/\/www.europesays.com\/fr\/wp-json\/wp\/v2\/tags?post=342076"}],"curies":[{"name":"wp","href":"https:\/\/api.w.org\/{rel}","templated":true}]}}