{"id":342078,"date":"2025-08-25T05:07:11","date_gmt":"2025-08-25T05:07:11","guid":{"rendered":"https:\/\/www.europesays.com\/fr\/342078\/"},"modified":"2025-08-25T05:07:11","modified_gmt":"2025-08-25T05:07:11","slug":"transfert-a-63me-au-psg-un-malaise-eclate-sur-les-reseaux-sociaux","status":"publish","type":"post","link":"https:\/\/www.europesays.com\/fr\/342078\/","title":{"rendered":"Transfert \u00e0 63M\u20ac au PSG : Un malaise \u00e9clate sur les r\u00e9seaux sociaux !"},"content":{"rendered":"<p class=\"heading\">Cet \u00e9t\u00e9, le PSG a d\u00e9cid\u00e9 de mettre le paquet pour se renforcer en d\u00e9fense centrale. Le club de la capitale s\u2019est offert Illia Zabarnyi contre un ch\u00e8que de 63M\u20ac, mais cela a provoqu\u00e9 une sorte de malaise. En effet, l\u2019Ukrainien suit tous ses nouveaux co\u00e9quipiers sur les r\u00e9seaux, mais pas le gardien russe Matvey Safonov. <\/p>\n<p>Contrairement \u00e0 d\u2019autres, le <a href=\"https:\/\/le10sport.com\/football\/mercato\/transfert-de-donnarumma-le-grand-retour-qui-va-sauver-le-psg-755476\" rel=\"nofollow noopener\" target=\"_blank\">PSG<\/a> ne s\u2019est pas montr\u00e9 tr\u00e8s actif cet \u00e9t\u00e9 sur le mercato, notamment au niveau des achats. Le club de la capitale n\u2019a apport\u00e9 que trois retouches \u00e0 son effectif, puisque seulement <strong>Renato Marin<\/strong>,<strong> Illia Zabarnyi<\/strong> et<strong> Lucas Chevalier<\/strong> ont pos\u00e9 leurs valises \u00e0 <strong>Paris<\/strong>. <\/p>\n<p>                                            63M\u20ac pour Zabarnyi <\/p>\n<p>Le <strong>PSG<\/strong> n\u2019a recrut\u00e9 que trois joueurs, mais il a tout de m\u00eame d\u00e9pens\u00e9 pas mal d\u2019argent. <strong>Lucas Chevalier <\/strong>a par exemple co\u00fbt\u00e9 40M\u20ac \u00e0 <strong>Paris<\/strong>, auxquels peuvent s\u2019ajouter 15M\u20ac de bonus.<strong> Illia Zabarnyi<\/strong> est lui arriv\u00e9 contre un ch\u00e8que de 63M\u20ac avec 3M\u20ac de potentiels bonus. Enfin, <strong>Renato Marin<\/strong> n\u2019a rien co\u00fbt\u00e9 au champion de <strong>France<\/strong>, car il a \u00e9t\u00e9 recrut\u00e9 gratuitement apr\u00e8s la fin de son contrat avec l\u2019<strong>AS Rome<\/strong>. <\/p>\n<p>                                            Un malaise entre Zabarnyi et Safonov <\/p>\n<p>Contrairement \u00e0<strong> Lucas Chevalier<\/strong> et<strong> Renato Marin<\/strong>, le transfert d\u2019<strong>Illia Zabarnyi<\/strong> a fait na\u00eetre quelques interrogations. En effet, de nombreux observateurs se demandaient si la cohabitation allait \u00eatre possible entre l\u2019Ukrainien et <strong>Matvey Safonov<\/strong> qui est Russe, alors que leurs deux pays sont en guerre depuis quelques ann\u00e9es. Selon <strong>Le Parisien<\/strong>, il y aurait une sorte de malaise entre les deux. En effet, le d\u00e9fenseur central ne suit pas le portier sur <strong>Instagram<\/strong>, alors qu\u2019il suit tous ses autres co\u00e9quipiers. Un d\u00e9tail qui veut peut-\u00eatre dire beaucoup. <\/p>\n","protected":false},"excerpt":{"rendered":"Cet \u00e9t\u00e9, le PSG a d\u00e9cid\u00e9 de mettre le paquet pour se renforcer en d\u00e9fense centrale. Le club&hellip;\n","protected":false},"author":2,"featured_media":342079,"comment_status":"","ping_status":"","sticky":false,"template":"","format":"standard","meta":{"footnotes":""},"categories":[1410],"tags":[63,1011,27,60],"class_list":{"0":"post-342078","1":"post","2":"type-post","3":"status-publish","4":"format-standard","5":"has-post-thumbnail","7":"category-football","8":"tag-football","9":"tag-fr","10":"tag-france","11":"tag-sports"},"share_on_mastodon":{"url":"https:\/\/pubeurope.com\/@fr\/115087674264288485","error":""},"_links":{"self":[{"href":"https:\/\/www.europesays.com\/fr\/wp-json\/wp\/v2\/posts\/342078","targetHints":{"allow":["GET"]}}],"collection":[{"href":"https:\/\/www.europesays.com\/fr\/wp-json\/wp\/v2\/posts"}],"about":[{"href":"https:\/\/www.europesays.com\/fr\/wp-json\/wp\/v2\/types\/post"}],"author":[{"embeddable":true,"href":"https:\/\/www.europesays.com\/fr\/wp-json\/wp\/v2\/users\/2"}],"replies":[{"embeddable":true,"href":"https:\/\/www.europesays.com\/fr\/wp-json\/wp\/v2\/comments?post=342078"}],"version-history":[{"count":0,"href":"https:\/\/www.europesays.com\/fr\/wp-json\/wp\/v2\/posts\/342078\/revisions"}],"wp:featuredmedia":[{"embeddable":true,"href":"https:\/\/www.europesays.com\/fr\/wp-json\/wp\/v2\/media\/342079"}],"wp:attachment":[{"href":"https:\/\/www.europesays.com\/fr\/wp-json\/wp\/v2\/media?parent=342078"}],"wp:term":[{"taxonomy":"category","embeddable":true,"href":"https:\/\/www.europesays.com\/fr\/wp-json\/wp\/v2\/categories?post=342078"},{"taxonomy":"post_tag","embeddable":true,"href":"https:\/\/www.europesays.com\/fr\/wp-json\/wp\/v2\/tags?post=342078"}],"curies":[{"name":"wp","href":"https:\/\/api.w.org\/{rel}","templated":true}]}}