{"id":342080,"date":"2025-08-25T05:08:10","date_gmt":"2025-08-25T05:08:10","guid":{"rendered":"https:\/\/www.europesays.com\/fr\/342080\/"},"modified":"2025-08-25T05:08:10","modified_gmt":"2025-08-25T05:08:10","slug":"un-chef-star-va-officier-aux-cotes-de-marsc","status":"publish","type":"post","link":"https:\/\/www.europesays.com\/fr\/342080\/","title":{"rendered":"un chef star va officier aux c\u00f4t\u00e9s de Marsc &#8230;"},"content":{"rendered":"<p>EN BREF<\/p>\n<ul class=\"bloc_resume_post_list\">\n<li>La vraie rentr\u00e9e des Grandes Gueules aura lieu le 25<br \/>\naout.<\/li>\n<li>Un chef bien connu des t\u00e9l\u00e9spectateurs va rejoindre<br \/>\nl\u2019\u00e9mission.<\/li>\n<li>Il fera son arriv\u00e9e aux alentours de<br \/>\nmi-septembre.<\/li>\n<\/ul>\n<p>La fin des vacances approche ! Si certaines personnalit\u00e9s qui<br \/>\ntravaillent \u00e0 la radio ou \u00e0 la t\u00e9l\u00e9 seront de retour \u00e0 partir du<br \/>\npremier septembre, pour d\u2019autres, la rentr\u00e9e aura lieu le 25 ao\u00fbt.<br \/>\nC\u2019est en tout cas \u00e0 cette date que toute <a href=\"https:\/\/www.telestar.fr\/actu_tv\/on-arrete-le-debut-derape-totalement-dans-les-grandes-gueules-charles-consigny-vise-apres-un-commentaire-fou-1728477\" target=\"_blank\" rel=\"noopener\"><br \/>\nl\u2019\u00e9quipe des Grandes Gueules<\/a> est cens\u00e9e \u00eatre au complet.<br \/>\nCependant, comme l\u2019a annonc\u00e9 sur X l\u2019animateur Olivier Truchot,<br \/>\ncelui-ci ne sera <a href=\"https:\/\/www.telestar.fr\/actu_tv\/les-grandes-gueules-olivier-truchot-absent-pour-la-rentree-il-devoile-la-raison-et-la-date-de-son-retour-1735753\" target=\"_blank\" rel=\"noopener\"><br \/>\nde retour que le 28 ao\u00fbt,<\/a> suite \u00e0 un contretemps personnel. De<br \/>\nson c\u00f4t\u00e9, son acolyte Alain Marschall a repris du service depuis le<br \/>\n11 ao\u00fbt.<\/p>\n<p>Comme beaucoup d\u2019\u00e9missions, l\u2019\u00e9quipe des Grandes Gueules va<br \/>\nconna\u00eetre quelques petites modifications pour la saison 2025\/2026.<br \/>\nElle sera notamment rejointe par <strong>un nouveau<br \/>\nchroniqueur<\/strong>, surtout connu pour ses talents en<br \/>\ncuisine.<\/p>\n<p>Nouvelle recrue pour les Grandes Gueules !<\/p>\n<p>Apr\u00e8s plus de vingt ans de bons et loyaux services, et en d\u00e9pit<br \/>\nde sollicitations d\u2019autres cha\u00eenes, <a href=\"https:\/\/www.telestar.fr\/actu_tv\/les-grandes-gueules-fin-du-suspense-sur-lavenir-dalain-marschall-et-olivier-truchot-1718020\" target=\"_blank\" rel=\"noopener\"><br \/>\nAlain Marschall et Olivier Truchot<\/a> signent une nouvelle saison<br \/>\n<a href=\"https:\/\/www.telestar.fr\/actu_tv\/me-faire-insulter-une-grande-gueule-outree-par-la-venue-de-jean-luc-melenchon-1727925\" target=\"_blank\" rel=\"noopener\"><br \/>\nsur les Grandes Gueules<\/a>, pour la 21\u1d49 ann\u00e9e cons\u00e9cutive. Cette<br \/>\nsaison, ils vont avoir le plaisir de compter sur un visage bien<br \/>\nconnu des t\u00e9l\u00e9spectateurs : <strong>Yves Camdeborde<\/strong>. Comme<br \/>\nle r\u00e9v\u00e8le T\u00e9l\u00e9-Loisirs, l\u2019ancien jur\u00e9 de <a href=\"https:\/\/www.telestar.fr\/tele-realite\/masterchef\/masterchef-de-retour-pour-une-deuxieme-saison-sur-france-2-on-a-la-reponse-800107\" target=\"_blank\" rel=\"noopener\"><br \/>\nl\u2019\u00e9mission culinaire MasterChef<\/a> fera partie des deux nouveaux<br \/>\nchroniqueurs.<\/p>\n<p>Ce ne sera pas la premi\u00e8re fois que le chef quitte sa cuisine<br \/>\npour une \u00e9mission t\u00e9l\u00e9. En 2023, il avait fait une apparition<br \/>\nremarqu\u00e9e sur TF1, en enfilant un costume de cochon dans l\u2019\u00e9mission<br \/>\nMask Singer. Aux c\u00f4t\u00e9s du mythique duo de l\u2019\u00e9mission, il sera le<br \/>\nporte-voix des restaurateurs. Les t\u00e9l\u00e9spectateurs devront attendre<br \/>\nla deuxi\u00e8me quinzaine de septembre sur RMC et RMC Story.<\/p>\n<p>Qui seront les intervenants des Grandes<br \/>\nGueules pour la saison 2025\/2026 ?<\/p>\n<p>L\u2019ancien membre du jury de MasterChef n\u2019est pas le seul \u00e0 faire<br \/>\nson entr\u00e9e dans l\u2019\u00e9mission. <strong>L\u2019\u00e9ducateur Abel Boyi,<\/strong><br \/>\nd\u00e9j\u00e0 intervenu plusieurs fois sur BFMTV, va aussi int\u00e9grer<br \/>\nl\u2019\u00e9quipe. \u00c0 l\u2019inverse, \u00c9tienne Liebig a annonc\u00e9 cet \u00e9t\u00e9 son d\u00e9part<br \/>\nde l\u2019\u00e9mission, apr\u00e8s seize ans pass\u00e9es \u00e0 l\u2019antenne.<\/p>\n<p>L\u2019heure est donc au renouveau pour <strong>l\u2019une des \u00e9missions<br \/>\nphares de RMC.<\/strong> En plus des deux nouvelles recrues, Flora<br \/>\nGhebali, Charles Consigny, Antoine Diers, Jean-Loup Bonnamy, Mourad<br \/>\nBoudjellal, Jo\u00eblle Dago-Serry, Barbara Lefebvre, J\u00e9r\u00f4me Marty,<br \/>\nZohra Bitan, Bruno Poncet, Emmanuel de Villiers, Fatima<br \/>\nA\u00eft-Bounoua, et Elina Dumont participeront en alternance aux<br \/>\n<a href=\"https:\/\/www.telestar.fr\/actu_tv\/les-grandes-gueules-le-debat-degenere-alain-marshall-a-deux-doigts-de-faire-sortir-un-chroniqueur-1678475\" target=\"_blank\" rel=\"noopener\"><br \/>\nd\u00e9bats des Grandes Gueules.<\/a><\/p>\n","protected":false},"excerpt":{"rendered":"EN BREF La vraie rentr\u00e9e des Grandes Gueules aura lieu le 25 aout. Un chef bien connu des&hellip;\n","protected":false},"author":2,"featured_media":342081,"comment_status":"","ping_status":"","sticky":false,"template":"","format":"standard","meta":{"footnotes":""},"categories":[1359],"tags":[548,58,59,1011,27,21142,973],"class_list":{"0":"post-342080","1":"post","2":"type-post","3":"status-publish","4":"format-standard","5":"has-post-thumbnail","7":"category-people","8":"tag-article-simple","9":"tag-divertissement","10":"tag-entertainment","11":"tag-fr","12":"tag-france","13":"tag-les-grandes-gueules","14":"tag-people"},"share_on_mastodon":{"url":"https:\/\/pubeurope.com\/@fr\/115087678175411149","error":""},"_links":{"self":[{"href":"https:\/\/www.europesays.com\/fr\/wp-json\/wp\/v2\/posts\/342080","targetHints":{"allow":["GET"]}}],"collection":[{"href":"https:\/\/www.europesays.com\/fr\/wp-json\/wp\/v2\/posts"}],"about":[{"href":"https:\/\/www.europesays.com\/fr\/wp-json\/wp\/v2\/types\/post"}],"author":[{"embeddable":true,"href":"https:\/\/www.europesays.com\/fr\/wp-json\/wp\/v2\/users\/2"}],"replies":[{"embeddable":true,"href":"https:\/\/www.europesays.com\/fr\/wp-json\/wp\/v2\/comments?post=342080"}],"version-history":[{"count":0,"href":"https:\/\/www.europesays.com\/fr\/wp-json\/wp\/v2\/posts\/342080\/revisions"}],"wp:featuredmedia":[{"embeddable":true,"href":"https:\/\/www.europesays.com\/fr\/wp-json\/wp\/v2\/media\/342081"}],"wp:attachment":[{"href":"https:\/\/www.europesays.com\/fr\/wp-json\/wp\/v2\/media?parent=342080"}],"wp:term":[{"taxonomy":"category","embeddable":true,"href":"https:\/\/www.europesays.com\/fr\/wp-json\/wp\/v2\/categories?post=342080"},{"taxonomy":"post_tag","embeddable":true,"href":"https:\/\/www.europesays.com\/fr\/wp-json\/wp\/v2\/tags?post=342080"}],"curies":[{"name":"wp","href":"https:\/\/api.w.org\/{rel}","templated":true}]}}