{"id":342082,"date":"2025-08-25T05:09:39","date_gmt":"2025-08-25T05:09:39","guid":{"rendered":"https:\/\/www.europesays.com\/fr\/342082\/"},"modified":"2025-08-25T05:09:39","modified_gmt":"2025-08-25T05:09:39","slug":"le-ministre-moussa-moise-invite-les-photographes-a-ecrire-lhistoire-visuelle-de-la-guinee-guineenews","status":"publish","type":"post","link":"https:\/\/www.europesays.com\/fr\/342082\/","title":{"rendered":"le ministre Moussa Moise invite les photographes \u00e0 \u00e9crire l\u2019histoire visuelle de la Guin\u00e9e \u2013 Guin\u00e9enews\u00a9"},"content":{"rendered":"\n<p>\t\tJourn\u00e9e Mondiale de la photographie : le ministre Moussa Moise invite les photographes \u00e0 \u00e9crire l\u2019histoire visuelle de la Guin\u00e9e \u2013 Guin\u00e9enews\u00a9<\/p>\n<p><a itemprop=\"url\" class=\"qvr-link\" href=\"www.ctg.gov\/carrieres\" target=\"_blank\"><img decoding=\"async\" class=\"qvr-image\" src=\"https:\/\/www.europesays.com\/fr\/wp-content\/uploads\/2025\/08\/Banner_CTG-scaled.png\" alt=\"TransGuin\u00e9en\"\/><\/a>\t<\/p>\n<ul class=\"bf-breadcrumb-items\" itemscope=\"\" itemtype=\"http:\/\/schema.org\/BreadcrumbList\">\n<li itemprop=\"itemListElement\" itemscope=\"\" itemtype=\"http:\/\/schema.org\/ListItem\" class=\"bf-breadcrumb-item bf-breadcrumb-begin\"><a itemprop=\"item\" href=\"https:\/\/guineenews.org\" rel=\"home nofollow noopener\" target=\"_blank\">Accueil<\/a><\/li>\n<li itemprop=\"itemListElement\" itemscope=\"\" itemtype=\"http:\/\/schema.org\/ListItem\" class=\"bf-breadcrumb-item\"><a itemprop=\"item\" href=\"https:\/\/guineenews.org\/category\/a-la-une\/\" rel=\"nofollow noopener\" target=\"_blank\">\u00c0 la une<\/a><\/li>\n<li itemprop=\"itemListElement\" itemscope=\"\" itemtype=\"http:\/\/schema.org\/ListItem\" class=\"bf-breadcrumb-item bf-breadcrumb-end\">Journ\u00e9e Mondiale de la photographie : le ministre Moussa Moise invite les photographes \u00e0 \u00e9crire l\u2019histoire visuelle de la Guin\u00e9e<\/li>\n<\/ul>\n<p><img decoding=\"async\" class=\"qvr-image\" src=\"https:\/\/www.europesays.com\/fr\/wp-content\/uploads\/2025\/04\/CIAO-RIZ-1.png\" alt=\"CIAO\"\/><\/p>\n<p><img fetchpriority=\"high\" decoding=\"async\" class=\"aligncenter wp-image-198471 size-medium\" src=\"https:\/\/www.europesays.com\/fr\/wp-content\/uploads\/2025\/08\/Popup_CTG-300x240.png\" alt=\"\" width=\"300\" height=\"240\"  \/><\/p>\n<p>\t\t\tFERMER\t\t\t<\/p>\n","protected":false},"excerpt":{"rendered":"Journ\u00e9e Mondiale de la photographie : le ministre Moussa Moise invite les photographes \u00e0 \u00e9crire l\u2019histoire visuelle de&hellip;\n","protected":false},"author":2,"featured_media":342083,"comment_status":"","ping_status":"","sticky":false,"template":"","format":"standard","meta":{"footnotes":""},"categories":[1358],"tags":[1348,1384,1385,1386,58,59,1011,27],"class_list":{"0":"post-342082","1":"post","2":"type-post","3":"status-publish","4":"format-standard","5":"has-post-thumbnail","7":"category-arts-et-design","8":"tag-arts","9":"tag-arts-and-design","10":"tag-arts-et-design","11":"tag-design","12":"tag-divertissement","13":"tag-entertainment","14":"tag-fr","15":"tag-france"},"share_on_mastodon":{"url":"https:\/\/pubeurope.com\/@fr\/115087682203825320","error":""},"_links":{"self":[{"href":"https:\/\/www.europesays.com\/fr\/wp-json\/wp\/v2\/posts\/342082","targetHints":{"allow":["GET"]}}],"collection":[{"href":"https:\/\/www.europesays.com\/fr\/wp-json\/wp\/v2\/posts"}],"about":[{"href":"https:\/\/www.europesays.com\/fr\/wp-json\/wp\/v2\/types\/post"}],"author":[{"embeddable":true,"href":"https:\/\/www.europesays.com\/fr\/wp-json\/wp\/v2\/users\/2"}],"replies":[{"embeddable":true,"href":"https:\/\/www.europesays.com\/fr\/wp-json\/wp\/v2\/comments?post=342082"}],"version-history":[{"count":0,"href":"https:\/\/www.europesays.com\/fr\/wp-json\/wp\/v2\/posts\/342082\/revisions"}],"wp:featuredmedia":[{"embeddable":true,"href":"https:\/\/www.europesays.com\/fr\/wp-json\/wp\/v2\/media\/342083"}],"wp:attachment":[{"href":"https:\/\/www.europesays.com\/fr\/wp-json\/wp\/v2\/media?parent=342082"}],"wp:term":[{"taxonomy":"category","embeddable":true,"href":"https:\/\/www.europesays.com\/fr\/wp-json\/wp\/v2\/categories?post=342082"},{"taxonomy":"post_tag","embeddable":true,"href":"https:\/\/www.europesays.com\/fr\/wp-json\/wp\/v2\/tags?post=342082"}],"curies":[{"name":"wp","href":"https:\/\/api.w.org\/{rel}","templated":true}]}}