{"id":342086,"date":"2025-08-25T05:11:11","date_gmt":"2025-08-25T05:11:11","guid":{"rendered":"https:\/\/www.europesays.com\/fr\/342086\/"},"modified":"2025-08-25T05:11:11","modified_gmt":"2025-08-25T05:11:11","slug":"cetait-chaud-gilles-candidat-de-lamour-est-dans-le-pre-raconte-les-coulisses-du-premier-episode","status":"publish","type":"post","link":"https:\/\/www.europesays.com\/fr\/342086\/","title":{"rendered":"\u00ab\u00a0C\u2019\u00e9tait chaud\u00a0\u00bb\u00a0: Gilles, candidat de \u00ab\u00a0L\u2019amour est dans le pr\u00e9\u00a0\u00bb raconte les coulisses du premier \u00e9pisode"},"content":{"rendered":"<p class=\"paragraph text_align_left lp-f-body-02\">Fid\u00e8les de <a href=\"https:\/\/www.leparisien.fr\/culture-loisirs\/tv\/lamour-est-dans-le-pre-on-rentre-dans-la-vie-des-agriculteurs-mais-ils-rentrent-aussi-dans-la-notre-17-08-2025-WFDZJPFWSBHOFCMHXJS6ZCWDVE.php\" target=\"_blank\" rel=\"noreferrer nofollow noopener\">\u00ab l\u2019Amour est dans le pr\u00e9 \u00bb<\/a>, vous allez craquer imm\u00e9diatement pour Gilles, agriculteur qui va marquer au fer rouge cette vingti\u00e8me saison lanc\u00e9e ce lundi soir sur <a href=\"https:\/\/www.leparisien.fr\/culture-loisirs\/6play\/\" target=\"_self\" rel=\"nofollow noopener\">M 6<\/a> \u00e0 21h10 ! Ce c\u00e9r\u00e9alier et collecteur de lait en Normandie, bient\u00f4t 60 ans, a grandi dans la ferme familiale, qu\u2019il a reprise seul en 1995. Depuis la retraite de son papa, il a h\u00e9rit\u00e9 de 40 ha et 30 vaches laiti\u00e8res en <a href=\"https:\/\/www.leparisien.fr\/seine-maritime-76\/\" target=\"_blank\" rel=\"noreferrer nofollow noopener\">Seine-Maritime<\/a>, \u00e0 Sommery dans le Pays de Bray.<\/p>\n<p class=\"paragraph text_align_left lp-f-body-02\">C\u00f4t\u00e9 c\u0153ur, il n\u2019a pas vraiment eu de chance. Comme beaucoup de ses cong\u00e9n\u00e8res, le travail et les journ\u00e9es \u00e0 rallonge ont eu raison de sa vie sentimentale. Il a v\u00e9cu deux ruptures douloureuses et vit d\u00e9sormais seul depuis quelques ann\u00e9es.<\/p>\n","protected":false},"excerpt":{"rendered":"Fid\u00e8les de \u00ab l\u2019Amour est dans le pr\u00e9 \u00bb, vous allez craquer imm\u00e9diatement pour Gilles, agriculteur qui va&hellip;\n","protected":false},"author":2,"featured_media":342087,"comment_status":"","ping_status":"","sticky":false,"template":"","format":"standard","meta":{"footnotes":""},"categories":[1356],"tags":[872,58,59,1011,27,252,2205,1364],"class_list":{"0":"post-342086","1":"post","2":"type-post","3":"status-publish","4":"format-standard","5":"has-post-thumbnail","7":"category-television","8":"tag-culture-et-loisirs","9":"tag-divertissement","10":"tag-entertainment","11":"tag-fr","12":"tag-france","13":"tag-television","14":"tag-television-medias","15":"tag-tv"},"share_on_mastodon":{"url":"https:\/\/pubeurope.com\/@fr\/115087689941785752","error":""},"_links":{"self":[{"href":"https:\/\/www.europesays.com\/fr\/wp-json\/wp\/v2\/posts\/342086","targetHints":{"allow":["GET"]}}],"collection":[{"href":"https:\/\/www.europesays.com\/fr\/wp-json\/wp\/v2\/posts"}],"about":[{"href":"https:\/\/www.europesays.com\/fr\/wp-json\/wp\/v2\/types\/post"}],"author":[{"embeddable":true,"href":"https:\/\/www.europesays.com\/fr\/wp-json\/wp\/v2\/users\/2"}],"replies":[{"embeddable":true,"href":"https:\/\/www.europesays.com\/fr\/wp-json\/wp\/v2\/comments?post=342086"}],"version-history":[{"count":0,"href":"https:\/\/www.europesays.com\/fr\/wp-json\/wp\/v2\/posts\/342086\/revisions"}],"wp:featuredmedia":[{"embeddable":true,"href":"https:\/\/www.europesays.com\/fr\/wp-json\/wp\/v2\/media\/342087"}],"wp:attachment":[{"href":"https:\/\/www.europesays.com\/fr\/wp-json\/wp\/v2\/media?parent=342086"}],"wp:term":[{"taxonomy":"category","embeddable":true,"href":"https:\/\/www.europesays.com\/fr\/wp-json\/wp\/v2\/categories?post=342086"},{"taxonomy":"post_tag","embeddable":true,"href":"https:\/\/www.europesays.com\/fr\/wp-json\/wp\/v2\/tags?post=342086"}],"curies":[{"name":"wp","href":"https:\/\/api.w.org\/{rel}","templated":true}]}}