{"id":342088,"date":"2025-08-25T05:12:16","date_gmt":"2025-08-25T05:12:16","guid":{"rendered":"https:\/\/www.europesays.com\/fr\/342088\/"},"modified":"2025-08-25T05:12:16","modified_gmt":"2025-08-25T05:12:16","slug":"pnl-de-la-banlieue-au-sommet-du-rap-francais","status":"publish","type":"post","link":"https:\/\/www.europesays.com\/fr\/342088\/","title":{"rendered":"PNL\u00a0: de la banlieue au sommet du rap fran\u00e7ais"},"content":{"rendered":"<p class=\"PopSlotParagraph qg-tx2 qg-xtra-lh svelte-1r0pyek\">L&rsquo;histoire de PNL commence dans le quartier des Tarter\u00eats \u00e0 Corbeil-Essonnes, o\u00f9 naissent les deux fr\u00e8res respectivement en 1986 et 1989, d&rsquo;un p\u00e8re d&rsquo;origine corse et d&rsquo;une m\u00e8re d&rsquo;origine alg\u00e9rienne.\u00a0<br \/>Tarik est le premier \u00e0 se lancer dans le rap sous le nom d&rsquo;Ademo avec des mixtapes autoproduites entre 2008 et 2011, tandis que Nabil se lance en 2011 sous le pseudonyme de Ladif, avant de devenir N.O.S. Leur rencontre avec l&rsquo;ing\u00e9nieur du son Nikola Feve \u00ab\u00a0Nk.F\u00a0\u00bb marque un tournant d\u00e9cisif dans leur carri\u00e8re, donnant naissance au duo\u00a0<a href=\"https:\/\/www.radiofrance.fr\/personnes\/pnl#taxonomy_body\" class=\"\" data-testid=\"link\" rel=\"nofollow noopener\" target=\"_blank\">PNL<\/a>\u00a0(Peace N\u2019 Lov\u00e9s).<\/p>\n<p> L&rsquo;\u00e9mergence d&rsquo;un style unique dans le paysage rap fran\u00e7ais<\/p>\n<p class=\"PopSlotParagraph qg-tx2 qg-xtra-lh svelte-1r0pyek\">Avec leur premi\u00e8re mixtape \u00ab\u00a0Que la famille\u00a0\u00bb (2015), PNL trace une voie originale dans le rap fran\u00e7ais de l&rsquo;\u00e9poque. Ils d\u00e9veloppent un style planant inspir\u00e9 de la drill de Chicago, caract\u00e9ris\u00e9 par des rythmiques en retrait, des ambiances atmosph\u00e9riques et une approche plus chant\u00e9e qu&rsquo;auparavant. Le succ\u00e8s du clip \u00ab\u00a0Le monde ou rien\u00a0\u00bb (2015) constitue un v\u00e9ritable point de bascule, propulsant le groupe vers la notori\u00e9t\u00e9 gr\u00e2ce \u00e0 son esth\u00e9tique soign\u00e9e et son myst\u00e8re cultiv\u00e9.<\/p>\n<p> De la cons\u00e9cration commerciale \u00e0 la maturit\u00e9 artistique<\/p>\n<p class=\"PopSlotParagraph qg-tx2 qg-xtra-lh svelte-1r0pyek\">Leur premier album \u00ab\u00a0Le monde chico\u00a0\u00bb (2015) confirme le ph\u00e9nom\u00e8ne, suivi par \u00ab\u00a0Dans la l\u00e9gende\u00a0\u00bb (2016) qui marque leur passage du statut d&rsquo;outsiders \u00e0 celui de stars. Ce deuxi\u00e8me opus, certifi\u00e9 disque de diamant, r\u00e9v\u00e8le un duo plus ambitieux dans ses arrangements et sa communication.<\/p>\n<p class=\"PopSlotParagraph qg-tx2 qg-xtra-lh svelte-1r0pyek\">Avec \u00ab\u00a0Deux fr\u00e8res\u00a0\u00bb (2019), PNL atteint une nouvelle maturit\u00e9 artistique. L&rsquo;album explore davantage les th\u00e8mes familiaux, les souvenirs d&rsquo;enfance et les liens fraternels, avec une \u00e9criture plus aboutie et une interpr\u00e9tation plus juste. Cette \u0153uvre, consid\u00e9r\u00e9e comme leur magnum opus, consolide d\u00e9finitivement leur place d&rsquo;exception dans le paysage musical fran\u00e7ais.<\/p>\n<p class=\"qg-sr-only\" role=\"heading\" aria-level=\"3\">Pour voir ce contenu, acceptez les cookies.<\/p>\n<p class=\"ConsentNotice-description qg-tx3 svelte-m9wmt1\">Pour afficher ce contenu Youtube, vous devez accepter les cookies <b>Publicit\u00e9<\/b>.<br \/>Ces cookies permettent \u00e0 nos partenaires de vous proposer des publicit\u00e9s et des contenus personnalis\u00e9s en fonction de votre navigation, de votre profil et de vos centres d&rsquo;int\u00e9r\u00eat. <\/p>\n<p>  G\u00e9rer mes choix     J&rsquo;autorise  <\/p>\n<p>L&rsquo;h\u00e9ritage d&rsquo;un duo r\u00e9volutionnaire<\/p>\n<p class=\"PopSlotParagraph qg-tx2 qg-xtra-lh svelte-1r0pyek\">PNL a r\u00e9volutionn\u00e9 les codes du rap fran\u00e7ais en imposant leur esth\u00e9tique planante, leur myst\u00e8re m\u00e9diatique et leur approche plus chant\u00e9e du genre. Leur influence d\u00e9passe largement le cadre du rap, questionnant m\u00eame les fronti\u00e8res entre les genres musicaux. Malgr\u00e9 leur silence m\u00e9diatique persistant, ils ont ouvert la voie \u00e0 toute une nouvelle g\u00e9n\u00e9ration d&rsquo;artistes et marqu\u00e9 durablement l&rsquo;\u00e9volution du rap fran\u00e7ais vers plus de sophistication et d&rsquo;\u00e9motion.<\/p>\n<p class=\"BounceCard-label qg-st4 svelte-990b7w\" role=\"heading\" aria-level=\"2\">\u00c0 \u00e9couter aussi<\/p>\n<p>      <img decoding=\"async\" src=\"https:\/\/www.europesays.com\/fr\/wp-content\/uploads\/2025\/08\/120x120_sc_horizon-charline-rose.jpg\" width=\"120\" height=\"120\" alt=\"\" loading=\"lazy\" fetchpriority=\"low\" data-testid=\"image-tag\" style=\"--_image-preview:url('data:image\/jpeg;base64,\/9j\/2wBDACgcHiMeGSgjISMtKygwPGRBPDc3PHtYXUlkkYCZlo+AjIqgtObDoKrarYqMyP\/L2u71\/\/\/\/m8H\/\/\/\/6\/+b9\/\/j\/2wBDASstLTw1PHZBQXb4pYyl+Pj4+Pj4+Pj4+Pj4+Pj4+Pj4+Pj4+Pj4+Pj4+Pj4+Pj4+Pj4+Pj4+Pj4+Pj4+Pj4+Pj\/wAARCAAqACoDASIAAhEBAxEB\/8QAFwAAAwEAAAAAAAAAAAAAAAAAAAECA\/\/EABgQAQEBAQEAAAAAAAAAAAAAAAABEQIS\/8QAGAEAAwEBAAAAAAAAAAAAAAAAAQIDAAT\/xAAXEQEBAQEAAAAAAAAAAAAAAAAAAQIR\/9oADAMBAAIRAxEAPwCgAR2WkDDB0ABjHgw5FSCTVThY18leWJKzwmlicBSVUi5ExpyaJ6PCsXCopysrE40qCrR\/\/9k=');\" aria-hidden=\"true\" class=\"svelte-1n5zs1o ratio\" onload=\"this.__e=event\" onerror=\"this.__e=event\"\/> <\/p>\n<p class=\"BounceCard-title qg-st4 svelte-990b7w\" role=\"heading\" aria-level=\"3\"><a href=\"https:\/\/www.radiofrance.fr\/franceinter\/podcasts\/le-billet-de-charline-vanhoenacker\/charline-et-pnl-7764982\" data-testid=\"link\" class=\"svelte-1t7i9vq underline-always\" rel=\"nofollow noopener\" target=\"_blank\">Charline et PNL<\/a><\/p>\n<p class=\"BounceCard-subtitle svelte-990b7w\">Le Billet de Charline Vanh\u0153nacker<\/p>\n<p class=\"qg-visible-l-up svelte-990b7w\">\u00c9couter plus tard<\/p>\n<p class=\"PopSlotParagraph qg-tx2 qg-xtra-lh svelte-1r0pyek\"><strong>Programmation musicale<\/strong><\/p>\n<ul>\n<li>PNL &#8211; Au DD<\/li>\n<li>Deux fr\u00e8res<\/li>\n<li>Shenmue<\/li>\n<li>Blanka<\/li>\n<li>Coeurs<\/li>\n<li>La mis\u00e8re est si belle<\/li>\n<\/ul>\n<p class=\"PopSlotParagraph qg-tx2 qg-xtra-lh svelte-1r0pyek\"><strong>L&rsquo;\u00e9quipe de cet \u00e9pisode<\/strong><\/p>\n<ul>\n<li>Auteur\u00a0: Raphael da Cruz<\/li>\n<li>R\u00e9alisation\u00a0: J\u00e9r\u00f4me Ch\u00e9lius<\/li>\n<li>Mixage\u00a0: Ad\u00e8le Caglar<\/li>\n<\/ul>\n","protected":false},"excerpt":{"rendered":"L&rsquo;histoire de PNL commence dans le quartier des Tarter\u00eats \u00e0 Corbeil-Essonnes, o\u00f9 naissent les deux fr\u00e8res respectivement en&hellip;\n","protected":false},"author":2,"featured_media":342089,"comment_status":"","ping_status":"","sticky":false,"template":"","format":"standard","meta":{"footnotes":""},"categories":[1355],"tags":[58,59,1011,27,1361,873],"class_list":{"0":"post-342088","1":"post","2":"type-post","3":"status-publish","4":"format-standard","5":"has-post-thumbnail","7":"category-musique","8":"tag-divertissement","9":"tag-entertainment","10":"tag-fr","11":"tag-france","12":"tag-music","13":"tag-musique"},"share_on_mastodon":{"url":"https:\/\/pubeurope.com\/@fr\/115087693811051996","error":""},"_links":{"self":[{"href":"https:\/\/www.europesays.com\/fr\/wp-json\/wp\/v2\/posts\/342088","targetHints":{"allow":["GET"]}}],"collection":[{"href":"https:\/\/www.europesays.com\/fr\/wp-json\/wp\/v2\/posts"}],"about":[{"href":"https:\/\/www.europesays.com\/fr\/wp-json\/wp\/v2\/types\/post"}],"author":[{"embeddable":true,"href":"https:\/\/www.europesays.com\/fr\/wp-json\/wp\/v2\/users\/2"}],"replies":[{"embeddable":true,"href":"https:\/\/www.europesays.com\/fr\/wp-json\/wp\/v2\/comments?post=342088"}],"version-history":[{"count":0,"href":"https:\/\/www.europesays.com\/fr\/wp-json\/wp\/v2\/posts\/342088\/revisions"}],"wp:featuredmedia":[{"embeddable":true,"href":"https:\/\/www.europesays.com\/fr\/wp-json\/wp\/v2\/media\/342089"}],"wp:attachment":[{"href":"https:\/\/www.europesays.com\/fr\/wp-json\/wp\/v2\/media?parent=342088"}],"wp:term":[{"taxonomy":"category","embeddable":true,"href":"https:\/\/www.europesays.com\/fr\/wp-json\/wp\/v2\/categories?post=342088"},{"taxonomy":"post_tag","embeddable":true,"href":"https:\/\/www.europesays.com\/fr\/wp-json\/wp\/v2\/tags?post=342088"}],"curies":[{"name":"wp","href":"https:\/\/api.w.org\/{rel}","templated":true}]}}