{"id":342094,"date":"2025-08-25T05:17:11","date_gmt":"2025-08-25T05:17:11","guid":{"rendered":"https:\/\/www.europesays.com\/fr\/342094\/"},"modified":"2025-08-25T05:17:11","modified_gmt":"2025-08-25T05:17:11","slug":"attention-ca-deborde-ces-critiques-sur-son-physique-que-marine-star-academy-a-eu-beaucoup-de-mal-a-accepter","status":"publish","type":"post","link":"https:\/\/www.europesays.com\/fr\/342094\/","title":{"rendered":"\u00ab\u00a0Attention, \u00e7a d\u00e9borde\u00a0\u00bb : ces critiques sur son physique que Marine (Star Academy) a eu beaucoup de mal \u00e0 accepter"},"content":{"rendered":"<p>Sa vie a chang\u00e9 du jour au lendemain. \u00c0 24 ans, Marine a int\u00e9gr\u00e9<br \/>\nle ch\u00e2teau de Dammarie-les-Lys, le 12 octobre 2023. Trois mois plus<br \/>\ntard, elle est sortie gagnante de la saison 12. Le 26 janvier,<br \/>\n<strong>elle a remport\u00e9 la finale face \u00e0 Ebony, avec 65 % des<br \/>\nvotes.<\/strong> C\u2019est une des rares saisons o\u00f9 le pourcentage \u00e9tait<br \/>\naussi \u00e9lev\u00e9.<\/p>\n<p>Coup\u00e9e du monde pendant plusieurs mois, Marine n\u2019avait aucune<br \/>\nid\u00e9e de ce qu\u2019il se disait sur elle \u00e0 l\u00a0\u00bbext\u00e9rieur. Si elle \u00e9tait<br \/>\nconstamment acclam\u00e9e par le public lors de primes, et qu\u2019elle a \u00e9t\u00e9<br \/>\nsauv\u00e9e \u00e0 plusieurs reprises, elle a d\u00fb faire face \u00e0 des<br \/>\ncommentaires blessants sur les r\u00e9seaux sociaux. Invit\u00e9e dans<br \/>\nSept \u00e0 Huit dans l\u2019\u00e9mission diffus\u00e9e le dimanche 24 ao\u00fbt,<br \/>\n<a href=\"https:\/\/www.closermag.fr\/people\/un-peu-trop-dargent-marine-star-academy-sexprime-sur-son-train-de-vie-bouleverse-3558479\" rel=\"nofollow noopener\" target=\"_blank\"><br \/>\nl&rsquo;interpr\u00e8te de \u201cMa faute\u201d<\/a> revient avec \u00e9motion sur cette<br \/>\np\u00e9riode difficile.<\/p>\n<p>Star Academy : Marine moqu\u00e9e sur son physique<\/p>\n<p>Tout au long de son aventure dans la Star Academy, Marine s\u2019est<br \/>\nd\u00e9marqu\u00e9e par sa voix puissante, mais aussi son naturel et son<br \/>\nfranc-parler. Lorsqu\u2019elle a pu r\u00e9cup\u00e9rer son t\u00e9l\u00e9phone \u00e0 la fin de<br \/>\nl\u2019aventure, elle a lu beaucoup de commentaires \u00e0 son \u00e9gard. Et<br \/>\ncertains concernant son physique \u00e9taient tr\u00e8s m\u00e9chants : \u201cOn<br \/>\npeut pas \u00eatre en 2025 et commenter des choses sur le corps des<br \/>\ngens, c\u2019est \u00e7a qui me choque le plus. Oui je ne suis pas parfaite<br \/>\net j<a href=\"https:\/\/www.closermag.fr\/people\/marine-star-academy-complexee-ca-deborde-la-elle-donne-les-raisons-de-sa-prise-de-poids-3563324\" rel=\"nofollow noopener\" target=\"_blank\">\u2019ai<br \/>\nquelques formes ici et l\u00e0,<\/a> mais comment tu vas te mettre sur<br \/>\nton ordi et <strong>commenter \u2018attention \u00e7a d\u00e9borde\u2019 ou \u2018il y a de<br \/>\nla viande\u2019, ou \u2018elle est enceinte, elle accouche quand\u2019<\/strong>\u2026<br \/>\n\u00c7a va pas ou quoi ?\u201d, confie-t-elle \u00e0 H\u00e9l\u00e8ne Mannarino.<\/p>\n<p>La question du corps est un sujet difficile pour la jeune femme.<br \/>\nAu cours de son aventure au ch\u00e2teau, elle avait fait part de son<br \/>\n<a href=\"https:\/\/www.closermag.fr\/people\/du-gras-par-ci-du-gras-par-la-marine-star-academy-sans-tabou-sur-ses-problemes-de-poids-3558597\" rel=\"nofollow noopener\" target=\"_blank\"><br \/>\nmanque de confiance en elle.<\/a> La chanteuse a d\u00e9di\u00e9 une chanson \u00e0<br \/>\nses complexes physiques, dans <a href=\"https:\/\/www.closermag.fr\/people\/le-regard-sur-moi-pour-marine-lapres-star-academy-nest-pas-une-partie-de-plaisir-3570458\" rel=\"nofollow noopener\" target=\"_blank\"><br \/>\nson premier album \u201cCoeur Maladroit\u201d.<\/a><\/p>\n<p>Marine face \u00e0 la critique des<br \/>\ninternautes<\/p>\n<p>En plus des remarques concernant son corps, <a href=\"https:\/\/www.closermag.fr\/people\/star-academy-2024-ulysse-gene-par-le-comportement-de-marine-il-le-dit-haut-et-fort-vis-a-vis-de-ma-copine-3510906\" rel=\"nofollow noopener\" target=\"_blank\"><br \/>\ncelle qui \u00e9tait tr\u00e8s amie avec Ulysse<\/a> a re\u00e7u une vague de haine<br \/>\n: \u201cForc\u00e9ment beaucoup d\u2019amour mais aussi de la haine sur les<br \/>\nr\u00e9seaux. C\u2019est un peu le seul moment o\u00f9 <a href=\"https:\/\/www.closermag.fr\/people\/marine-star-academy-je-regrette-surtout-prise-dans-letau-mediatique-elle-se-confie-sur-ce-qui-lui-manque-le-plus-3565523\" rel=\"nofollow noopener\" target=\"_blank\"><br \/>\nj\u2019ai regrett\u00e9 d\u2019avoir fait l\u2019\u00e9mission<\/a>\u201d, d\u00e9plore-t-elle, en<br \/>\nexpliquant que certains ont dit que c\u2019\u00e9tait \u201cla victoire la<br \/>\nmoins m\u00e9rit\u00e9e de toute la Star Ac\u2019\u201d. Certains ont point\u00e9 du<br \/>\ndoigt son comportement, disant qu\u2019elle \u201cparlait mal\u201d, ce<br \/>\nqu\u2019elle n\u2019a pas vraiment compris : \u201cJe sais que je suis parfois<br \/>\ntr\u00e8s franche et maladroite, que je dis des choses qu\u2019il ne faut pas<br \/>\ndire ou qui sont mal comprises (\u2026) <strong>Mon but c\u2019\u00e9tait juste de<br \/>\nvivre ma vie et d\u2019\u00eatre cool avec tout le monde.\u00a0\u00bb<\/strong><\/p>\n<p>Malgr\u00e9 tout, la chanteuse vit un r\u00eave \u00e9veill\u00e9. Son premier album<br \/>\nest un grand succ\u00e8s et elle s&rsquo;appr\u00eate \u00e0 <strong>partir en tourn\u00e9e<br \/>\nsolo \u00e0 partir du 30 novembre.<\/strong><\/p>\n","protected":false},"excerpt":{"rendered":"Sa vie a chang\u00e9 du jour au lendemain. \u00c0 24 ans, Marine a int\u00e9gr\u00e9 le ch\u00e2teau de Dammarie-les-Lys,&hellip;\n","protected":false},"author":2,"featured_media":342095,"comment_status":"","ping_status":"","sticky":false,"template":"","format":"standard","meta":{"footnotes":""},"categories":[8],"tags":[548,58,59,1011,27,47849],"class_list":{"0":"post-342094","1":"post","2":"type-post","3":"status-publish","4":"format-standard","5":"has-post-thumbnail","7":"category-divertissement","8":"tag-article-simple","9":"tag-divertissement","10":"tag-entertainment","11":"tag-fr","12":"tag-france","13":"tag-marine-star-academy"},"share_on_mastodon":{"url":"https:\/\/pubeurope.com\/@fr\/115087713516959378","error":""},"_links":{"self":[{"href":"https:\/\/www.europesays.com\/fr\/wp-json\/wp\/v2\/posts\/342094","targetHints":{"allow":["GET"]}}],"collection":[{"href":"https:\/\/www.europesays.com\/fr\/wp-json\/wp\/v2\/posts"}],"about":[{"href":"https:\/\/www.europesays.com\/fr\/wp-json\/wp\/v2\/types\/post"}],"author":[{"embeddable":true,"href":"https:\/\/www.europesays.com\/fr\/wp-json\/wp\/v2\/users\/2"}],"replies":[{"embeddable":true,"href":"https:\/\/www.europesays.com\/fr\/wp-json\/wp\/v2\/comments?post=342094"}],"version-history":[{"count":0,"href":"https:\/\/www.europesays.com\/fr\/wp-json\/wp\/v2\/posts\/342094\/revisions"}],"wp:featuredmedia":[{"embeddable":true,"href":"https:\/\/www.europesays.com\/fr\/wp-json\/wp\/v2\/media\/342095"}],"wp:attachment":[{"href":"https:\/\/www.europesays.com\/fr\/wp-json\/wp\/v2\/media?parent=342094"}],"wp:term":[{"taxonomy":"category","embeddable":true,"href":"https:\/\/www.europesays.com\/fr\/wp-json\/wp\/v2\/categories?post=342094"},{"taxonomy":"post_tag","embeddable":true,"href":"https:\/\/www.europesays.com\/fr\/wp-json\/wp\/v2\/tags?post=342094"}],"curies":[{"name":"wp","href":"https:\/\/api.w.org\/{rel}","templated":true}]}}