{"id":342098,"date":"2025-08-25T05:19:10","date_gmt":"2025-08-25T05:19:10","guid":{"rendered":"https:\/\/www.europesays.com\/fr\/342098\/"},"modified":"2025-08-25T05:19:10","modified_gmt":"2025-08-25T05:19:10","slug":"france-inter-ecoutez-la-difference-insupportable-a-certains-leditorial-de-cl","status":"publish","type":"post","link":"https:\/\/www.europesays.com\/fr\/342098\/","title":{"rendered":"France Inter\u00a0: \u00e9coutez la diff\u00e9rence insupportable \u00e0 certains [L\u2019\u00e9ditorial de CL]"},"content":{"rendered":"<p>    France Inter\u00a0: \u00e9coutez la diff\u00e9rence insupportable \u00e0 certains [L\u2019\u00e9ditorial de CL] &#8211; Charente Libre.fr<\/p>\n<p>\n            Newsletter<\/p>\n<p>            <strong>Recevez tous les jours l\u2019essentiel de l&rsquo;actualit\u00e9 avec la newsletter CharenteLibre.fr.<\/strong><br \/>\n            <a href=\"#\">Voir un exemple<\/a><\/p>\n<p>\n            Envoyer par email<\/p>\n<p>\n            <strong>Cet article vous int\u00e9resse, partagez-le avec vos amis.<\/strong>\n        <\/p>\n","protected":false},"excerpt":{"rendered":"France Inter\u00a0: \u00e9coutez la diff\u00e9rence insupportable \u00e0 certains [L\u2019\u00e9ditorial de CL] &#8211; Charente Libre.fr Newsletter Recevez tous les&hellip;\n","protected":false},"author":2,"featured_media":342099,"comment_status":"","ping_status":"","sticky":false,"template":"","format":"standard","meta":{"footnotes":""},"categories":[6],"tags":[35,33,34,1011,27],"class_list":{"0":"post-342098","1":"post","2":"type-post","3":"status-publish","4":"format-standard","5":"has-post-thumbnail","7":"category-economie","8":"tag-business","9":"tag-economie","10":"tag-economy","11":"tag-fr","12":"tag-france"},"share_on_mastodon":{"url":"https:\/\/pubeurope.com\/@fr\/115087721351607397","error":""},"_links":{"self":[{"href":"https:\/\/www.europesays.com\/fr\/wp-json\/wp\/v2\/posts\/342098","targetHints":{"allow":["GET"]}}],"collection":[{"href":"https:\/\/www.europesays.com\/fr\/wp-json\/wp\/v2\/posts"}],"about":[{"href":"https:\/\/www.europesays.com\/fr\/wp-json\/wp\/v2\/types\/post"}],"author":[{"embeddable":true,"href":"https:\/\/www.europesays.com\/fr\/wp-json\/wp\/v2\/users\/2"}],"replies":[{"embeddable":true,"href":"https:\/\/www.europesays.com\/fr\/wp-json\/wp\/v2\/comments?post=342098"}],"version-history":[{"count":0,"href":"https:\/\/www.europesays.com\/fr\/wp-json\/wp\/v2\/posts\/342098\/revisions"}],"wp:featuredmedia":[{"embeddable":true,"href":"https:\/\/www.europesays.com\/fr\/wp-json\/wp\/v2\/media\/342099"}],"wp:attachment":[{"href":"https:\/\/www.europesays.com\/fr\/wp-json\/wp\/v2\/media?parent=342098"}],"wp:term":[{"taxonomy":"category","embeddable":true,"href":"https:\/\/www.europesays.com\/fr\/wp-json\/wp\/v2\/categories?post=342098"},{"taxonomy":"post_tag","embeddable":true,"href":"https:\/\/www.europesays.com\/fr\/wp-json\/wp\/v2\/tags?post=342098"}],"curies":[{"name":"wp","href":"https:\/\/api.w.org\/{rel}","templated":true}]}}