{"id":342100,"date":"2025-08-25T05:20:12","date_gmt":"2025-08-25T05:20:12","guid":{"rendered":"https:\/\/www.europesays.com\/fr\/342100\/"},"modified":"2025-08-25T05:20:12","modified_gmt":"2025-08-25T05:20:12","slug":"el-mayo-lun-des-fondateurs-du-cartel-de-sinaloa-sapprete-a-collaborer-avec-la-justice-americaine","status":"publish","type":"post","link":"https:\/\/www.europesays.com\/fr\/342100\/","title":{"rendered":"El Mayo, l\u2019un des fondateurs du cartel de Sinaloa, s\u2019appr\u00eate \u00e0 collaborer avec la justice am\u00e9ricaine"},"content":{"rendered":"<p>                         <img loading=\"lazy\" decoding=\"async\" src=\"https:\/\/www.europesays.com\/fr\/wp-content\/uploads\/2025\/08\/3859910_ftp-import-images-1-8belfchj5s7g-2025-08-18t174829z-812390517-rc25naa7la1b-rtrmadp-3-usa-sec.jpeg\" alt=\"Sur ce croquis, Ismael \u00ab\u00a0El Mayo\u00a0\u00bb Zambada compara\u00eet devant le tribunal f\u00e9d\u00e9ral de Brooklyn, \u00e0 New York, le 18\u00a0octobre\u00a02024. \"   width=\"664\" height=\"443\"\/>    Sur ce croquis, Ismael \u00ab\u00a0El Mayo\u00a0\u00bb Zambada compara\u00eet devant le tribunal f\u00e9d\u00e9ral de Brooklyn, \u00e0 New York, le 18\u00a0octobre\u00a02024.  JANE ROSENBERG \/ REUTERS                 <\/p>\n<p class=\"article__paragraph  \">Ce lundi 25\u00a0ao\u00fbt, le gouvernement mexicain aura les yeux riv\u00e9s sur une audience au tribunal f\u00e9d\u00e9ral de Brooklyn, \u00e0 New York\u00a0: celle d\u2019Ismael Zambada Garcia, alias \u00ab\u00a0El Mayo\u00a0\u00bb, cofondateur du cartel de Sinaloa avec Joaquin Guzman, dit \u00ab\u00a0El Chapo\u00a0\u00bb. Face au juge Brian Cogan, qui avait <a href=\"https:\/\/www.lemonde.fr\/international\/article\/2019\/02\/13\/le-parrain-de-la-drogue-el-chapo-juge-coupable-une-victoire-pour-la-justice-americaine_5422735_3210.html\" rel=\"nofollow noopener\" target=\"_blank\">condamn\u00e9 en\u00a02019 \u00ab\u00a0El Chapo\u00a0\u00bb<\/a> \u00e0 la r\u00e9clusion \u00e0 perp\u00e9tuit\u00e9, \u00ab\u00a0El Mayo\u00a0\u00bb s\u2019appr\u00eate \u00e0 plaider coupable \u00e0 toutes ou certaines des vingt accusations port\u00e9es contre lui, comme l\u2019a annonc\u00e9 son avocat, Franck Perez.<\/p>\n<p class=\"article__paragraph  \">Ce plaidoyer de culpabilit\u00e9 sugg\u00e8re une possible collaboration entre le narcotrafiquant et les autorit\u00e9s am\u00e9ricaines, d\u2019autant qu\u2019El Mayo avait plaid\u00e9 \u00ab\u00a0non coupable\u00a0\u00bb en septembre\u00a02024, lors de sa premi\u00e8re audience. Mais depuis, le parquet f\u00e9d\u00e9ral am\u00e9ricain a promis de ne pas requ\u00e9rir la peine de mort, ce qui renforce l\u2019hypoth\u00e8se d\u2019un accord de collaboration.<\/p>\n<p class=\"article__paragraph  \">Ag\u00e9 aujourd\u2019hui de 77\u00a0ans et en mauvaise sant\u00e9, Ismael Zambada Garcia devrait terminer sa vie en d\u00e9tention. \u00ab\u00a0Mais gr\u00e2ce \u00e0 un accord de collaboration, il pourrait s\u00e9journer dans une prison moins stricte qu\u2019une structure de haute s\u00e9curit\u00e9\u00a0\u00bb, assure David Saucedo, expert ind\u00e9pendant, sp\u00e9cialiste du narcotrafic.<strong> <\/strong>El Chapo, reclus dans la prison f\u00e9d\u00e9rale de haute s\u00e9curit\u00e9 ADX Florence (Etat du Colorado) depuis 2019, a d\u00e9nonc\u00e9 \u00e0 maintes reprises ses conditions d\u2019incarc\u00e9ration, notamment le fait d\u2019\u00eatre totalement isol\u00e9 de ses cod\u00e9tenus.<\/p>\n<p class=\"reading-mode-only \"><strong>Il vous reste 80.82% de cet article \u00e0 lire. La suite est r\u00e9serv\u00e9e aux abonn\u00e9s.<\/strong><\/p>\n","protected":false},"excerpt":{"rendered":"Sur ce croquis, Ismael \u00ab\u00a0El Mayo\u00a0\u00bb Zambada compara\u00eet devant le tribunal f\u00e9d\u00e9ral de Brooklyn, \u00e0 New York, le&hellip;\n","protected":false},"author":2,"featured_media":342101,"comment_status":"","ping_status":"","sticky":false,"template":"","format":"standard","meta":{"footnotes":""},"categories":[5],"tags":[11,1011,27,14,12,28],"class_list":{"0":"post-342100","1":"post","2":"type-post","3":"status-publish","4":"format-standard","5":"has-post-thumbnail","7":"category-international","8":"tag-actualites","9":"tag-fr","10":"tag-france","11":"tag-international","12":"tag-news","13":"tag-world"},"share_on_mastodon":{"url":"https:\/\/pubeurope.com\/@fr\/115087725294167467","error":""},"_links":{"self":[{"href":"https:\/\/www.europesays.com\/fr\/wp-json\/wp\/v2\/posts\/342100","targetHints":{"allow":["GET"]}}],"collection":[{"href":"https:\/\/www.europesays.com\/fr\/wp-json\/wp\/v2\/posts"}],"about":[{"href":"https:\/\/www.europesays.com\/fr\/wp-json\/wp\/v2\/types\/post"}],"author":[{"embeddable":true,"href":"https:\/\/www.europesays.com\/fr\/wp-json\/wp\/v2\/users\/2"}],"replies":[{"embeddable":true,"href":"https:\/\/www.europesays.com\/fr\/wp-json\/wp\/v2\/comments?post=342100"}],"version-history":[{"count":0,"href":"https:\/\/www.europesays.com\/fr\/wp-json\/wp\/v2\/posts\/342100\/revisions"}],"wp:featuredmedia":[{"embeddable":true,"href":"https:\/\/www.europesays.com\/fr\/wp-json\/wp\/v2\/media\/342101"}],"wp:attachment":[{"href":"https:\/\/www.europesays.com\/fr\/wp-json\/wp\/v2\/media?parent=342100"}],"wp:term":[{"taxonomy":"category","embeddable":true,"href":"https:\/\/www.europesays.com\/fr\/wp-json\/wp\/v2\/categories?post=342100"},{"taxonomy":"post_tag","embeddable":true,"href":"https:\/\/www.europesays.com\/fr\/wp-json\/wp\/v2\/tags?post=342100"}],"curies":[{"name":"wp","href":"https:\/\/api.w.org\/{rel}","templated":true}]}}