{"id":342106,"date":"2025-08-25T05:24:39","date_gmt":"2025-08-25T05:24:39","guid":{"rendered":"https:\/\/www.europesays.com\/fr\/342106\/"},"modified":"2025-08-25T05:24:39","modified_gmt":"2025-08-25T05:24:39","slug":"football-revivez-boulogne-asse-les-verts-ont-galere-mais-la-victoire-est-la","status":"publish","type":"post","link":"https:\/\/www.europesays.com\/fr\/342106\/","title":{"rendered":"Football. Revivez Boulogne &#8211; ASSE : les Verts ont gal\u00e9r\u00e9, mais la victoire est l\u00e0"},"content":{"rendered":"<p>Les St\u00e9phanois n&rsquo;auront pas r\u00e9ussi \u00e0 encha\u00eener apr\u00e8s leur belle performance de la semaine derni\u00e8re face \u00e0 Rodez. Certes, ils prennent l\u00e0 encore les 3 points, mais dans le contenu ce n&rsquo;\u00e9tait pas \u00e7a. Ils sont tomb\u00e9s face \u00e0 de vaillants Boulonnais, qui ont prouv\u00e9 qu&rsquo;ils ont toute leur place en Ligue 2.<\/p>\n<p>&#13;<br \/>\n              Gabriel Devynck &#8211; &#13;<br \/>\n        &#13;<br \/>\n          23 ao\u00fbt 2025 \u00e0 19:15&#13;<br \/>\n    &#13;<br \/>\n                  | mis \u00e0 jour le 23 ao\u00fbt 2025 \u00e0 23:53&#13;<br \/>\n              &#8211; Temps de lecture : &#13;<br \/>\n  &#13;\n<\/p>\n<p>                        &#13;<br \/>\n    &#13;<br \/>\n    &#13;<br \/>\n    <a href=\"https:\/\/cdn-s-www.leprogres.fr\/images\/F749E21D-DC3F-40CF-B818-C82C0789F71B\/NW_raw\/l-asse-a-l-occasion-d-enchainer-apres-sa-solide-performance-face-a-rodez-la-semaine-passee-photo-charly-jurine-1755959803.jpg\" title=\"L&#039;ASSE a l&#039;occasion d&#039;encha\u00eener apr\u00e8s sa solide performance face \u00e0 Rodez la semaine pass\u00e9e. Photo Charly Jurine\" class=\"chocolat-image GA-tracking\" data-ga_type=\"click\" data-ga_category=\"D\u00e9tail\" data-ga_action=\"zoomer\" data-ga_label=\"aggrandir image\" target=\"_blank\" rel=\"noopener\">&#13;<br \/>\n        <img src=\"https:\/\/www.europesays.com\/fr\/wp-content\/uploads\/2025\/08\/l-asse-a-l-occasion-d-enchainer-apres-sa-solide-performance-face-a-rodez-la-semaine-passee-photo-cha.jpeg\"   alt=\"L'ASSE a l'occasion d'encha\u00eener apr\u00e8s sa solide performance face \u00e0 Rodez la semaine pass\u00e9e. Photo Charly Jurine\" fetchpriority=\"high\" decoding=\"async\" data-mobile=\"NW_detail_M|1755959803\" data-base=\"NW_detail|1755959803\"\/>&#13;<br \/>\n    <\/a>&#13;<\/p>\n<p>L&rsquo;ASSE a l&rsquo;occasion d&rsquo;encha\u00eener apr\u00e8s sa solide performance face \u00e0 Rodez la semaine pass\u00e9e. Photo Charly Jurine<\/p>\n","protected":false},"excerpt":{"rendered":"Les St\u00e9phanois n&rsquo;auront pas r\u00e9ussi \u00e0 encha\u00eener apr\u00e8s leur belle performance de la semaine derni\u00e8re face \u00e0 Rodez.&hellip;\n","protected":false},"author":2,"featured_media":342107,"comment_status":"","ping_status":"","sticky":false,"template":"","format":"standard","meta":{"footnotes":""},"categories":[9653],"tags":[1111,11,4000,2430,7359,16734,7539,1777,674,107,63,1011,27,4002,3367,12,25,4001,517],"class_list":{"0":"post-342106","1":"post","2":"type-post","3":"status-publish","4":"format-standard","5":"has-post-thumbnail","7":"category-saint-etienne","8":"tag-actu","9":"tag-actualites","10":"tag-asse-as-saint-etienne-football","11":"tag-auvergne-rhone-alpes","12":"tag-edition-loire-centre","13":"tag-edition-loire-nord","14":"tag-edition-loire-sud","15":"tag-eu","16":"tag-europe","17":"tag-fil-info","18":"tag-football","19":"tag-fr","20":"tag-france","21":"tag-haute-loire","22":"tag-loire","23":"tag-news","24":"tag-republique-francaise","25":"tag-saint-etienne","26":"tag-sport"},"share_on_mastodon":{"url":"https:\/\/pubeurope.com\/@fr\/115087741076790184","error":""},"_links":{"self":[{"href":"https:\/\/www.europesays.com\/fr\/wp-json\/wp\/v2\/posts\/342106","targetHints":{"allow":["GET"]}}],"collection":[{"href":"https:\/\/www.europesays.com\/fr\/wp-json\/wp\/v2\/posts"}],"about":[{"href":"https:\/\/www.europesays.com\/fr\/wp-json\/wp\/v2\/types\/post"}],"author":[{"embeddable":true,"href":"https:\/\/www.europesays.com\/fr\/wp-json\/wp\/v2\/users\/2"}],"replies":[{"embeddable":true,"href":"https:\/\/www.europesays.com\/fr\/wp-json\/wp\/v2\/comments?post=342106"}],"version-history":[{"count":0,"href":"https:\/\/www.europesays.com\/fr\/wp-json\/wp\/v2\/posts\/342106\/revisions"}],"wp:featuredmedia":[{"embeddable":true,"href":"https:\/\/www.europesays.com\/fr\/wp-json\/wp\/v2\/media\/342107"}],"wp:attachment":[{"href":"https:\/\/www.europesays.com\/fr\/wp-json\/wp\/v2\/media?parent=342106"}],"wp:term":[{"taxonomy":"category","embeddable":true,"href":"https:\/\/www.europesays.com\/fr\/wp-json\/wp\/v2\/categories?post=342106"},{"taxonomy":"post_tag","embeddable":true,"href":"https:\/\/www.europesays.com\/fr\/wp-json\/wp\/v2\/tags?post=342106"}],"curies":[{"name":"wp","href":"https:\/\/api.w.org\/{rel}","templated":true}]}}