{"id":342112,"date":"2025-08-25T05:27:14","date_gmt":"2025-08-25T05:27:14","guid":{"rendered":"https:\/\/www.europesays.com\/fr\/342112\/"},"modified":"2025-08-25T05:27:14","modified_gmt":"2025-08-25T05:27:14","slug":"toulon-toulon-de-mon-enfance-un-voyage-nostalgique-avec-pierre-beloni","status":"publish","type":"post","link":"https:\/\/www.europesays.com\/fr\/342112\/","title":{"rendered":"TOULON : \u00ab Toulon de mon enfance \u00bb, un voyage nostalgique avec Pierre B\u00e9loni"},"content":{"rendered":"<p><b>Originaire de Toulon, Pierre B\u00e9loni fait vibrer les c\u0153urs avec sa derni\u00e8re chanson, \u00ab Toulon de mon enfance \u00bb, extraite de son album\u00a0 \u00a0 \u00a0 \u00a0\u00ab C\u2019est la vie \u00bb.<\/b><\/p>\n<p style=\"font-weight: 400\">Ancien journaliste radio, TV et r\u00e9alisateur audiovisuel, l\u2019artiste a d\u00e9cid\u00e9 de se consacrer \u00e0 la musique produisant et r\u00e9alisant lui-m\u00eame tous ses vid\u00e9oclips. Son inspiration puise dans sa vie quotidienne et l\u2019actualit\u00e9 qui touche chacun d\u2019entre nous. La chanson \u00ab Toulon de mon enfance \u00bb a rencontr\u00e9 un succ\u00e8s retentissant, avec plus de 10 000 \u00e9coutes et vues, sans aucune promotion. Elle \u00e9voque la ville de Toulon des ann\u00e9es 70, une \u00e9poque marqu\u00e9e par la lib\u00e9ration des m\u0153urs, suscitant une forte nostalgie chez ceux qui ont aujourd\u2019hui la soixantaine.<\/p>\n<p style=\"font-weight: 400\"><strong>RECONSTITUTION AUDIOVISUELLE<\/strong><\/p>\n<p style=\"font-weight: 400\">L\u2019inspiration pour cette chanson est n\u00e9e d\u2019un rendez-vous avec un ami dans le centre de Toulon. Pour le rejoindre, il a parcouru les rues de son enfance, ravivant des souvenirs d\u2019une \u00e9poque r\u00e9volue. \u00ab Toulon de mon enfance \u00bb n\u2019est pas qu\u2019une simple chanson, c\u2019est une reconstitution audiovisuelle historique et artistique qui offre un voyage dans le Toulon des ann\u00e9es 70.<\/p>\n<p>\u00ab\u00a0Les auditeurs peuvent red\u00e9couvrir des quartiers disparus ou transform\u00e9s tels que la c\u00e9l\u00e8bre rue du Canon avec ses marins, la porte de l\u2019Arsenal avant son d\u00e9placement, le cours Lafayette, le quai Stalingrad, tous empreints de l\u2019atmosph\u00e8re vibrante de cette \u00e9poque\u00a0\u00bb, explique <strong>le chanteur.<\/strong><\/p>\n<p style=\"font-weight: 400\">Avec l\u2019aide des nouvelles technologies audiovisuelles, le clip de la chanson prend vie, enveloppant le public dans une nostalgie palpable. Le chanteur \u00e9voque \u00e9galement des figures embl\u00e9matiques qui ont marqu\u00e9 Toulon, comme Gilbert B\u00e9caud.<\/p>\n<p style=\"font-weight: 400\">\u00ab Toulon de mon enfance \u00bb est une ode aux Toulonnais, rappelant que nos vies sont intimement li\u00e9es aux lieux que nous habitons. Les souvenirs se tissent autour des endroits que nous avons fr\u00e9quent\u00e9s, m\u00ealant le pass\u00e9 et le pr\u00e9sent dans une danse nostalgique. Pour ceux qui ont v\u00e9cu cette \u00e9poque, Toulon des ann\u00e9es 70 se dresse comme un miroir de leurs souvenirs, une \u00e9poque \u00e0 red\u00e9couvrir \u00e0 travers les mots et les m\u00e9lodies de Pierre B\u00e9loni.<\/p>\n<p style=\"font-weight: 400\"><strong>Laurette PARAY \u2013 Photo DR.<\/strong><\/p>\n","protected":false},"excerpt":{"rendered":"Originaire de Toulon, Pierre B\u00e9loni fait vibrer les c\u0153urs avec sa derni\u00e8re chanson, \u00ab Toulon de mon enfance&hellip;\n","protected":false},"author":2,"featured_media":342113,"comment_status":"","ping_status":"","sticky":false,"template":"","format":"standard","meta":{"footnotes":""},"categories":[9619],"tags":[1111,11,1777,674,1011,27,12,882,25,2310],"class_list":{"0":"post-342112","1":"post","2":"type-post","3":"status-publish","4":"format-standard","5":"has-post-thumbnail","7":"category-toulon","8":"tag-actu","9":"tag-actualites","10":"tag-eu","11":"tag-europe","12":"tag-fr","13":"tag-france","14":"tag-news","15":"tag-provence-alpes-cote-dazur","16":"tag-republique-francaise","17":"tag-toulon"},"share_on_mastodon":{"url":"https:\/\/pubeurope.com\/@fr\/115087752738936189","error":""},"_links":{"self":[{"href":"https:\/\/www.europesays.com\/fr\/wp-json\/wp\/v2\/posts\/342112","targetHints":{"allow":["GET"]}}],"collection":[{"href":"https:\/\/www.europesays.com\/fr\/wp-json\/wp\/v2\/posts"}],"about":[{"href":"https:\/\/www.europesays.com\/fr\/wp-json\/wp\/v2\/types\/post"}],"author":[{"embeddable":true,"href":"https:\/\/www.europesays.com\/fr\/wp-json\/wp\/v2\/users\/2"}],"replies":[{"embeddable":true,"href":"https:\/\/www.europesays.com\/fr\/wp-json\/wp\/v2\/comments?post=342112"}],"version-history":[{"count":0,"href":"https:\/\/www.europesays.com\/fr\/wp-json\/wp\/v2\/posts\/342112\/revisions"}],"wp:featuredmedia":[{"embeddable":true,"href":"https:\/\/www.europesays.com\/fr\/wp-json\/wp\/v2\/media\/342113"}],"wp:attachment":[{"href":"https:\/\/www.europesays.com\/fr\/wp-json\/wp\/v2\/media?parent=342112"}],"wp:term":[{"taxonomy":"category","embeddable":true,"href":"https:\/\/www.europesays.com\/fr\/wp-json\/wp\/v2\/categories?post=342112"},{"taxonomy":"post_tag","embeddable":true,"href":"https:\/\/www.europesays.com\/fr\/wp-json\/wp\/v2\/tags?post=342112"}],"curies":[{"name":"wp","href":"https:\/\/api.w.org\/{rel}","templated":true}]}}