{"id":342116,"date":"2025-08-25T05:30:10","date_gmt":"2025-08-25T05:30:10","guid":{"rendered":"https:\/\/www.europesays.com\/fr\/342116\/"},"modified":"2025-08-25T05:30:10","modified_gmt":"2025-08-25T05:30:10","slug":"le-montpellier-herault-en-embuscade-pour-rabby-nzingoula","status":"publish","type":"post","link":"https:\/\/www.europesays.com\/fr\/342116\/","title":{"rendered":"Le Montpellier H\u00e9rault en embuscade pour Rabby Nzingoula ?"},"content":{"rendered":"<p>C\u2019est un dossier qui s\u2019\u00e9tire sur la longueur. Rabby Nzingoula, rare satisfaction de l\u2019effectif Pailladin la saison derni\u00e8re, est toujours \u00e0 Strasbourg \u00e0 quelques jours de la cl\u00f4ture du mercato estival. Les Alsaciens, qui d\u00e9siraient en premier lieu vendre le milieu de terrain, n\u2019ont pas re\u00e7u d\u2019offre \u00e0 la hauteur de leurs attentes. D\u2019apr\u00e8s Mohamed Toubache-Ter, ils ont m\u00eame refus\u00e9 une offre de 4M\u20ac.<\/p>\n<p>C\u2019est ainsi que les dirigeants strasbourgeois envisagent la possibilit\u00e9 d\u2019un pr\u00eat, alors que quelques clubs ont manifest\u00e9 de timides int\u00e9r\u00eats. Un statut quo qui pourrait b\u00e9n\u00e9ficier au <a href=\"https:\/\/onefootball.com\/fr\/equipe\/montpellier-260\" rel=\"nofollow noopener\" target=\"_blank\">MHSC<\/a>, ainsi que le sous-entend Mohamed Toubache-Ter sur Twitter. Faute de mieux, Rabby Nzingoula pourrait donc faire son retour \u00e0 Grammont. Seulement si les besoins des trois parties co\u00efncident en toute fin de mercato ?<\/p>\n","protected":false},"excerpt":{"rendered":"C\u2019est un dossier qui s\u2019\u00e9tire sur la longueur. Rabby Nzingoula, rare satisfaction de l\u2019effectif Pailladin la saison derni\u00e8re,&hellip;\n","protected":false},"author":2,"featured_media":342117,"comment_status":"","ping_status":"","sticky":false,"template":"","format":"standard","meta":{"footnotes":""},"categories":[9599],"tags":[1111,11,1777,674,1011,27,2208,12,2680,25],"class_list":{"0":"post-342116","1":"post","2":"type-post","3":"status-publish","4":"format-standard","5":"has-post-thumbnail","7":"category-montpellier","8":"tag-actu","9":"tag-actualites","10":"tag-eu","11":"tag-europe","12":"tag-fr","13":"tag-france","14":"tag-montpellier","15":"tag-news","16":"tag-occitanie","17":"tag-republique-francaise"},"share_on_mastodon":{"url":"https:\/\/pubeurope.com\/@fr\/115087764595942092","error":""},"_links":{"self":[{"href":"https:\/\/www.europesays.com\/fr\/wp-json\/wp\/v2\/posts\/342116","targetHints":{"allow":["GET"]}}],"collection":[{"href":"https:\/\/www.europesays.com\/fr\/wp-json\/wp\/v2\/posts"}],"about":[{"href":"https:\/\/www.europesays.com\/fr\/wp-json\/wp\/v2\/types\/post"}],"author":[{"embeddable":true,"href":"https:\/\/www.europesays.com\/fr\/wp-json\/wp\/v2\/users\/2"}],"replies":[{"embeddable":true,"href":"https:\/\/www.europesays.com\/fr\/wp-json\/wp\/v2\/comments?post=342116"}],"version-history":[{"count":0,"href":"https:\/\/www.europesays.com\/fr\/wp-json\/wp\/v2\/posts\/342116\/revisions"}],"wp:featuredmedia":[{"embeddable":true,"href":"https:\/\/www.europesays.com\/fr\/wp-json\/wp\/v2\/media\/342117"}],"wp:attachment":[{"href":"https:\/\/www.europesays.com\/fr\/wp-json\/wp\/v2\/media?parent=342116"}],"wp:term":[{"taxonomy":"category","embeddable":true,"href":"https:\/\/www.europesays.com\/fr\/wp-json\/wp\/v2\/categories?post=342116"},{"taxonomy":"post_tag","embeddable":true,"href":"https:\/\/www.europesays.com\/fr\/wp-json\/wp\/v2\/tags?post=342116"}],"curies":[{"name":"wp","href":"https:\/\/api.w.org\/{rel}","templated":true}]}}