{"id":342120,"date":"2025-08-25T05:35:20","date_gmt":"2025-08-25T05:35:20","guid":{"rendered":"https:\/\/www.europesays.com\/fr\/342120\/"},"modified":"2025-08-25T05:35:20","modified_gmt":"2025-08-25T05:35:20","slug":"cest-quoi-la-factory-du-changement-qui-va-ouvrir-a-grenoble-la-ou-eric-piolle-fetait-son-election-en-2014","status":"publish","type":"post","link":"https:\/\/www.europesays.com\/fr\/342120\/","title":{"rendered":"C&rsquo;est quoi la fACtory du Changement qui va ouvrir \u00e0 Grenoble l\u00e0 o\u00f9 Eric Piolle f\u00eatait son \u00e9lection en 2014 ?"},"content":{"rendered":"<p>\t\t\t\t\t\t\t\t\t\t\t<img loading=\"lazy\" decoding=\"async\" width=\"1110\" title=\"C'est quoi la fACtory du Changement qui va ouvrir \u00e0 Grenoble l\u00e0 o\u00f9 Eric Piolle f\u00eatait son \u00e9lection en 2014 ?\" class=\"img-fluid  mb-3\" src=\"https:\/\/grandgrenoble.alpes1.com\/media\/news\/thumb\/1110x624_c-est-quoi-la-factory-du-changement-qui-va-ouvrir-a-grenoble-la-ou-eric-piolle-fetait-son-election-en-2014_68ab4948df588.webp\" alt=\"C'est quoi la fACtory du Changement qui va ouvrir \u00e0 Grenoble l\u00e0 o\u00f9 Eric Piolle f\u00eatait son \u00e9lection en 2014 ?\" itemprop=\"image\" height=\"624\"\/>\t\t\t\t\t\t\t\t\t\t\t\t<\/p>\n<p>C&rsquo;est quoi la fACtory du Changement qui va ouvrir \u00e0 Grenoble l\u00e0 o\u00f9 Eric Piolle f\u00eatait son \u00e9lection en 2014 ? &#8211; DR<\/p>\n<p itemprop=\"description\"><strong>A l\u2019angle du cours Jean Jaur\u00e8s et de l\u2019avenue Alsace Lorraine, une friche commerciale ferm\u00e9e depuis 4 ans \u00e9tait nettoy\u00e9e depuis quelques semaines.<\/strong><\/p>\n<p class=\"x_MsoNormal\" style=\"margin: 0cm; font-size: 11pt; font-family: Calibri, sans-serif; caret-color: #212121; color: #212121; font-style: normal; font-variant-caps: normal; font-weight: 400; letter-spacing: normal; orphans: auto; text-align: start; text-indent: 0px; text-transform: none; white-space: normal; widows: auto; word-spacing: 0px; -webkit-text-stroke-width: 0px; text-decoration: none;\">Les tags \u00e9taient effac\u00e9s. Et il suscitait la curiosit\u00e9 avec des affichettes qui fournissaient un indice \u00ab\u00a0ouverture de la fACtory que Grenoble attend\u00a0\u00bb.<\/p>\n<p class=\"x_MsoNormal\" style=\"margin: 0cm; font-size: 11pt; font-family: Calibri, sans-serif; caret-color: #212121; color: #212121; font-style: normal; font-variant-caps: normal; font-weight: 400; letter-spacing: normal; orphans: auto; text-align: start; text-indent: 0px; text-transform: none; white-space: normal; widows: auto; word-spacing: 0px; -webkit-text-stroke-width: 0px; text-decoration: none;\">\u00a0<\/p>\n<p class=\"x_MsoNormal\" style=\"margin: 0cm; font-size: 11pt; font-family: Calibri, sans-serif; caret-color: #212121; color: #212121; font-style: normal; font-variant-caps: normal; font-weight: 400; letter-spacing: normal; orphans: auto; text-align: start; text-indent: 0px; text-transform: none; white-space: normal; widows: auto; word-spacing: 0px; -webkit-text-stroke-width: 0px; text-decoration: none;\"><a href=\"https:\/\/c.ledauphine.com\/elections\/2025\/08\/24\/isere-grenoble-municipales-2026-alain-carignon-n-a-vraiment-pas-choisi-le-lieu-de-son-qg-de-campagne-par-hasard\" target=\"_blank\" rel=\"noopener\">Le Dauphin\u00e9 Lib\u00e9r\u00e9<\/a> r\u00e9v\u00e8le que c\u2019est dans cet ancien caf\u00e9 &#8211; le caf\u00e9 de France &#8211; qu\u2019Eric Piolle le maire sortant a f\u00eat\u00e9 sa victoire en 2014. Et il a \u00e9t\u00e9 choisi par le collectif \u00ab\u00a0R\u00e9concilier Grenoble\u00a0\u00bb pour devenir le temps d\u2019une campagne \u00ab\u00a0la Factory du Changement\u00a0\u00bb qui ouvrira le 3 septembre pour porter la candidature d\u2019Alain Carignon \u00e0 la mairie en 2026.<\/p>\n<p class=\"x_MsoNormal\" style=\"margin: 0cm; font-size: 11pt; font-family: Calibri, sans-serif; caret-color: #212121; color: #212121; font-style: normal; font-variant-caps: normal; font-weight: 400; letter-spacing: normal; orphans: auto; text-align: start; text-indent: 0px; text-transform: none; white-space: normal; widows: auto; word-spacing: 0px; -webkit-text-stroke-width: 0px; text-decoration: none;\">\u00a0<\/p>\n<p class=\"x_MsoNormal\" style=\"margin: 0cm; font-size: 11pt; font-family: Calibri, sans-serif; caret-color: #212121; color: #212121; font-style: normal; font-variant-caps: normal; font-weight: 400; letter-spacing: normal; orphans: auto; text-align: start; text-indent: 0px; text-transform: none; white-space: normal; widows: auto; word-spacing: 0px; -webkit-text-stroke-width: 0px; text-decoration: none;\">Avec le nettoyage de cette friche ils entendent montrer \u00ab\u00a0la voie d\u2019un Grenoble r\u00e9nov\u00e9\u00a0\u00bb.\u00a0 Ajoutant \u00ab\u00a0la Factory se veut \u00e0 la fois un espace de travail pour l\u2019\u00e9quipe \u00a0mais aussi un lieu d\u2019\u00e9change et de d\u00e9bats qui permettra \u00e0 tous les Grenoblois de participer \u00e0 l\u2019\u00e9laboration du projet pour notre ville\u00a0\u00bb.<\/p>\n<p class=\"x_MsoNormal\" style=\"margin: 0cm; font-size: 11pt; font-family: Calibri, sans-serif; caret-color: #212121; color: #212121; font-style: normal; font-variant-caps: normal; font-weight: 400; letter-spacing: normal; orphans: auto; text-align: start; text-indent: 0px; text-transform: none; white-space: normal; widows: auto; word-spacing: 0px; -webkit-text-stroke-width: 0px; text-decoration: none;\">\u00a0<\/p>\n<p class=\"x_MsoNormal\" style=\"margin: 0cm; font-size: 11pt; font-family: Calibri, sans-serif; caret-color: #212121; color: #212121; font-style: normal; font-variant-caps: normal; font-weight: 400; letter-spacing: normal; orphans: auto; text-align: start; text-indent: 0px; text-transform: none; white-space: normal; widows: auto; word-spacing: 0px; -webkit-text-stroke-width: 0px; text-decoration: none;\">Apr\u00e8s une forte pr\u00e9sence cet \u00e9t\u00e9 sur les r\u00e9seaux, avec cette installation le leader de l\u2019opposition entend conserver le large \u00a0leadership que lui avait reconnu notre sondage exclusif et annonce que le \u00ab\u00a0coup d\u2019envoi du changement\u00a0\u00bb sera donn\u00e9 le 19 septembre prochain autour de l\u2019\u00e9quipe.<\/p>\n<p class=\"x_MsoNormal\" style=\"margin: 0cm; font-size: 11pt; font-family: Calibri, sans-serif; caret-color: #212121; color: #212121; font-style: normal; font-variant-caps: normal; font-weight: 400; letter-spacing: normal; orphans: auto; text-align: start; text-indent: 0px; text-transform: none; white-space: normal; widows: auto; word-spacing: 0px; -webkit-text-stroke-width: 0px; text-decoration: none;\">\u00a0<\/p>\n<p class=\"x_MsoNormal\" style=\"margin: 0cm; font-size: 11pt; font-family: Calibri, sans-serif; caret-color: #212121; color: #212121; font-style: normal; font-variant-caps: normal; font-weight: 400; letter-spacing: normal; orphans: auto; text-align: start; text-indent: 0px; text-transform: none; white-space: normal; widows: auto; word-spacing: 0px; -webkit-text-stroke-width: 0px; text-decoration: none;\">D\u00e9cid\u00e9ment la comp\u00e9tition est bien ouverte pour la succession du maire \u00e9cologiste sortant qui ne se repr\u00e9sente pas mais aurait d\u00e9sign\u00e9 sa candidate en la personne de Laurence Ruffin alors que LFI menace par la voix de son coordinateur local Allan Brunon de quitter le coalition municipale et conduire une liste autonome d\u00e8s le 1er tour.<\/p>\n","protected":false},"excerpt":{"rendered":"C&rsquo;est quoi la fACtory du Changement qui va ouvrir \u00e0 Grenoble l\u00e0 o\u00f9 Eric Piolle f\u00eatait son \u00e9lection&hellip;\n","protected":false},"author":2,"featured_media":342121,"comment_status":"","ping_status":"","sticky":false,"template":"","format":"standard","meta":{"footnotes":""},"categories":[9566],"tags":[1111,11,7733,8279,2430,7736,650,7734,2889,2263,1777,674,1011,27,2731,8280,6417,1114,108,4662,12,3725,1825,25,7737],"class_list":{"0":"post-342120","1":"post","2":"type-post","3":"status-publish","4":"format-standard","5":"has-post-thumbnail","7":"category-grenoble","8":"tag-actu","9":"tag-actualites","10":"tag-alpes","11":"tag-alpes1","12":"tag-auvergne-rhone-alpes","13":"tag-cds","14":"tag-cinema","15":"tag-ecoute","16":"tag-emission","17":"tag-equipe","18":"tag-eu","19":"tag-europe","20":"tag-fr","21":"tag-france","22":"tag-grenoble","23":"tag-haute","24":"tag-information","25":"tag-infos","26":"tag-isere","27":"tag-journal","28":"tag-news","29":"tag-podcast","30":"tag-radio","31":"tag-republique-francaise","32":"tag-winamp"},"share_on_mastodon":{"url":"https:\/\/pubeurope.com\/@fr\/115087784300236915","error":""},"_links":{"self":[{"href":"https:\/\/www.europesays.com\/fr\/wp-json\/wp\/v2\/posts\/342120","targetHints":{"allow":["GET"]}}],"collection":[{"href":"https:\/\/www.europesays.com\/fr\/wp-json\/wp\/v2\/posts"}],"about":[{"href":"https:\/\/www.europesays.com\/fr\/wp-json\/wp\/v2\/types\/post"}],"author":[{"embeddable":true,"href":"https:\/\/www.europesays.com\/fr\/wp-json\/wp\/v2\/users\/2"}],"replies":[{"embeddable":true,"href":"https:\/\/www.europesays.com\/fr\/wp-json\/wp\/v2\/comments?post=342120"}],"version-history":[{"count":0,"href":"https:\/\/www.europesays.com\/fr\/wp-json\/wp\/v2\/posts\/342120\/revisions"}],"wp:featuredmedia":[{"embeddable":true,"href":"https:\/\/www.europesays.com\/fr\/wp-json\/wp\/v2\/media\/342121"}],"wp:attachment":[{"href":"https:\/\/www.europesays.com\/fr\/wp-json\/wp\/v2\/media?parent=342120"}],"wp:term":[{"taxonomy":"category","embeddable":true,"href":"https:\/\/www.europesays.com\/fr\/wp-json\/wp\/v2\/categories?post=342120"},{"taxonomy":"post_tag","embeddable":true,"href":"https:\/\/www.europesays.com\/fr\/wp-json\/wp\/v2\/tags?post=342120"}],"curies":[{"name":"wp","href":"https:\/\/api.w.org\/{rel}","templated":true}]}}